{"id":1091,"date":"2012-01-17T18:36:06","date_gmt":"2012-01-17T17:36:06","guid":{"rendered":"http:\/\/histoirencours.fr\/blog\/?p=1091"},"modified":"2012-01-17T18:36:06","modified_gmt":"2012-01-17T17:36:06","slug":"3eme-calendrier-des-portes-ouvertes-dans-les-lycees-de-la-region","status":"publish","type":"post","link":"https:\/\/histoirencours.fr\/blog\/?p=1091","title":{"rendered":"3\u00e8me : calendrier des portes ouvertes dans les lyc\u00e9es de la r\u00e9gion"},"content":{"rendered":"<p><a href=\"http:\/\/histoirencours.fr\/blog\/wp-content\/uploads\/2012\/01\/Onisep.jpg\"><img loading=\"lazy\" decoding=\"async\" class=\"wp-image-1092 alignleft\" title=\"Onisep\" src=\"http:\/\/histoirencours.fr\/blog\/wp-content\/uploads\/2012\/01\/Onisep.jpg\" alt=\"\" width=\"338\" height=\"175\" \/><\/a><\/p>\n<p>&nbsp;<\/p>\n<p><em>captu<\/em><em>re<\/em><span style=\"color: #666699;\"><em> d<\/em><\/span><em>&#8216;\u00e9cran du site de l&#8217;ONISEP<\/em><\/p>\n<p>&nbsp;<\/p>\n<p>&nbsp;<\/p>\n<p>L&#8217;ONISEP vient de mettre en ligne <span style=\"color: #ff0000;\">la liste et les dates des journ\u00e9es portes ouvertes dans les lyc\u00e9es des Ardennes<\/span> et des autres d\u00e9partements de la r\u00e9gion. Vous pouvez les retrouver sur le site de l&#8217;ONISEP <a href=\"http:\/\/www.onisep.fr\/Mes-infos-regionales\/Champagne-Ardenne\/Dossiers\/Journees-portes-ouvertes-salons-en-Champagne-Ardenne\" target=\"_blank\">ici <\/a>ou ci-dessous.<\/p>\n<p><iframe loading=\"lazy\" src=\"http:\/\/histoirencours.fr\/blog\/wp-content\/uploads\/2012\/01\/portes_ouvertes_secondaire.pdf\" width=\"600\" height=\"450\"><\/iframe><\/p>\n<p>N&#8217;h\u00e9sitez pas \u00e0 aller les visiter! Vous allez peut-\u00eatre y passer trois ans, mieux vaut \u00eatre sur \u00a0que c&#8217;est un lieu qui va vous plaire&#8230;<\/p>\n<p>Views: 46<\/p>","protected":false},"excerpt":{"rendered":"<p>&nbsp; capture d&#8216;\u00e9cran du site de l&#8217;ONISEP &nbsp; &nbsp; L&#8217;ONISEP vient de mettre en ligne la liste et les dates des journ\u00e9es portes ouvertes dans les lyc\u00e9es des Ardennes et des autres d\u00e9partements de la r\u00e9gion. Vous pouvez les retrouver &hellip; <a href=\"https:\/\/histoirencours.fr\/blog\/?p=1091\">Continuer la lecture <span class=\"meta-nav\">&rarr;<\/span><\/a><\/p>\n","protected":false},"author":1,"featured_media":0,"comment_status":"open","ping_status":"open","sticky":false,"template":"","format":"standard","meta":{"_monsterinsights_skip_tracking":false,"_monsterinsights_sitenote_active":false,"_monsterinsights_sitenote_note":"","_monsterinsights_sitenote_category":0,"ngg_post_thumbnail":0,"footnotes":""},"categories":[20,3],"tags":[35,162,436],"class_list":["post-1091","post","type-post","status-publish","format-standard","hentry","category-orientation","category-troisieme","tag-3eme","tag-lycee","tag-orientation"],"aioseo_notices":[],"amp_enabled":true,"_links":{"self":[{"href":"https:\/\/histoirencours.fr\/blog\/index.php?rest_route=\/wp\/v2\/posts\/1091","targetHints":{"allow":["GET"]}}],"collection":[{"href":"https:\/\/histoirencours.fr\/blog\/index.php?rest_route=\/wp\/v2\/posts"}],"about":[{"href":"https:\/\/histoirencours.fr\/blog\/index.php?rest_route=\/wp\/v2\/types\/post"}],"author":[{"embeddable":true,"href":"https:\/\/histoirencours.fr\/blog\/index.php?rest_route=\/wp\/v2\/users\/1"}],"replies":[{"embeddable":true,"href":"https:\/\/histoirencours.fr\/blog\/index.php?rest_route=%2Fwp%2Fv2%2Fcomments&post=1091"}],"version-history":[{"count":1,"href":"https:\/\/histoirencours.fr\/blog\/index.php?rest_route=\/wp\/v2\/posts\/1091\/revisions"}],"predecessor-version":[{"id":1093,"href":"https:\/\/histoirencours.fr\/blog\/index.php?rest_route=\/wp\/v2\/posts\/1091\/revisions\/1093"}],"wp:attachment":[{"href":"https:\/\/histoirencours.fr\/blog\/index.php?rest_route=%2Fwp%2Fv2%2Fmedia&parent=1091"}],"wp:term":[{"taxonomy":"category","embeddable":true,"href":"https:\/\/histoirencours.fr\/blog\/index.php?rest_route=%2Fwp%2Fv2%2Fcategories&post=1091"},{"taxonomy":"post_tag","embeddable":true,"href":"https:\/\/histoirencours.fr\/blog\/index.php?rest_route=%2Fwp%2Fv2%2Ftags&post=1091"}],"curies":[{"name":"wp","href":"https:\/\/api.w.org\/{rel}","templated":true}]}}