{"id":1130,"date":"2012-01-25T11:28:36","date_gmt":"2012-01-25T10:28:36","guid":{"rendered":"http:\/\/histoirencours.fr\/blog\/?p=1130"},"modified":"2012-01-25T11:31:15","modified_gmt":"2012-01-25T10:31:15","slug":"campagne-nationale-contre-le-harcelement-a-lecole","status":"publish","type":"post","link":"https:\/\/histoirencours.fr\/blog\/?p=1130","title":{"rendered":"Campagne nationale contre le harc\u00e8lement \u00e0 l&#8217;\u00e9cole"},"content":{"rendered":"<p>D&#8217;apr\u00e8s une enqu\u00eate, <span style=\"color: #ff0000;\">un enfant sur dix est harcel\u00e9 \u00e0 l&#8217;\u00e9cole<\/span> d&#8217;une mani\u00e8re ou d&#8217;une autre. Ce ph\u00e9nom\u00e8ne n&#8217;a malheureusement rien de surprenant, mais ce n&#8217;est pas une fatalit\u00e9! Pour lutter contre cela, l&#8217;Education nationale a mis en place <span style=\"color: #ff0000;\">une campagne de pr\u00e9vention.<\/span> <span style=\"text-decoration: underline;\">Son but<\/span> : que tout le monde prenne conscience du probl\u00e8me, mais aussi que <strong>les \u00e9l\u00e8ves touch\u00e9s par ce fl\u00e9au re\u00e7oivent de l&#8217;aide.\u00a0<\/strong><\/p>\n<p>Tout d&#8217;abord, vous pouvez aller sur <span style=\"color: #ff0000;\">ce site Internet<\/span> pour vous renseignez sur le sujet.<\/p>\n<p style=\"text-align: center;\"><a href=\"http:\/\/www.agircontreleharcelementalecole.gouv.fr\/\" target=\"_blank\"><img loading=\"lazy\" decoding=\"async\" class=\"aligncenter  wp-image-1131\" title=\"agircontreleharcelementalecole.gouv.fr\" src=\"http:\/\/histoirencours.fr\/blog\/wp-content\/uploads\/2012\/01\/harcelement.jpg\" alt=\"\" width=\"584\" height=\"190\" srcset=\"https:\/\/histoirencours.fr\/blog\/wp-content\/uploads\/2012\/01\/harcelement.jpg 973w, https:\/\/histoirencours.fr\/blog\/wp-content\/uploads\/2012\/01\/harcelement-300x97.jpg 300w\" sizes=\"auto, (max-width: 584px) 100vw, 584px\" \/><\/a><\/p>\n<p style=\"text-align: left;\">Un <strong><span style=\"color: #339966;\">num\u00e9ro vert<\/span><\/strong> (gratuit m\u00eame sur un portable) pour en parler si vous ou un de vos amis \u00eates concern\u00e9s : <strong>08 08 80 70 10.<\/strong><\/p>\n<p style=\"text-align: left;\">Il y a m\u00eame une page <a href=\"http:\/\/www.facebook.com\/agircontreleharcelementalecole\" target=\"_blank\">Facebook<\/a>.<\/p>\n<p style=\"text-align: left;\">Enfin, voici <span style=\"color: #ff0000;\">les vid\u00e9os<\/span> de la campagne de sensibilisation au probl\u00e8me.<\/p>\n<p style=\"text-align: left;\"><strong>&#8220;Les claques&#8221;<\/strong><\/p>\n<p><iframe loading=\"lazy\" src=\"http:\/\/www.youtube.com\/embed\/wvnotcnHiMo\" frameborder=\"0\" width=\"560\" height=\"315\"><\/iframe><\/p>\n<p><strong>&#8220;Les injures&#8221;<\/strong><\/p>\n<p><iframe loading=\"lazy\" src=\"http:\/\/www.youtube.com\/embed\/kTJoyhprYWc\" frameborder=\"0\" width=\"560\" height=\"315\"><\/iframe><\/p>\n<p><strong>&#8220;Les rumeurs&#8221;<\/strong><\/p>\n<p><iframe loading=\"lazy\" src=\"http:\/\/www.youtube.com\/embed\/GwbF8tlwWD8\" frameborder=\"0\" width=\"560\" height=\"315\"><\/iframe><\/p>\n<p>Views: 16<\/p>","protected":false},"excerpt":{"rendered":"<p>D&#8217;apr\u00e8s une enqu\u00eate, un enfant sur dix est harcel\u00e9 \u00e0 l&#8217;\u00e9cole d&#8217;une mani\u00e8re ou d&#8217;une autre. Ce ph\u00e9nom\u00e8ne n&#8217;a malheureusement rien de surprenant, mais ce n&#8217;est pas une fatalit\u00e9! Pour lutter contre cela, l&#8217;Education nationale a mis en place une &hellip; <a href=\"https:\/\/histoirencours.fr\/blog\/?p=1130\">Continuer la lecture <span class=\"meta-nav\">&rarr;<\/span><\/a><\/p>\n","protected":false},"author":1,"featured_media":0,"comment_status":"open","ping_status":"open","sticky":false,"template":"","format":"standard","meta":{"_monsterinsights_skip_tracking":false,"_monsterinsights_sitenote_active":false,"_monsterinsights_sitenote_note":"","_monsterinsights_sitenote_category":0,"ngg_post_thumbnail":0,"footnotes":""},"categories":[13],"tags":[168,167],"class_list":["post-1130","post","type-post","status-publish","format-standard","hentry","category-divers","tag-ecole","tag-harcelement"],"aioseo_notices":[],"amp_enabled":true,"_links":{"self":[{"href":"https:\/\/histoirencours.fr\/blog\/index.php?rest_route=\/wp\/v2\/posts\/1130","targetHints":{"allow":["GET"]}}],"collection":[{"href":"https:\/\/histoirencours.fr\/blog\/index.php?rest_route=\/wp\/v2\/posts"}],"about":[{"href":"https:\/\/histoirencours.fr\/blog\/index.php?rest_route=\/wp\/v2\/types\/post"}],"author":[{"embeddable":true,"href":"https:\/\/histoirencours.fr\/blog\/index.php?rest_route=\/wp\/v2\/users\/1"}],"replies":[{"embeddable":true,"href":"https:\/\/histoirencours.fr\/blog\/index.php?rest_route=%2Fwp%2Fv2%2Fcomments&post=1130"}],"version-history":[{"count":6,"href":"https:\/\/histoirencours.fr\/blog\/index.php?rest_route=\/wp\/v2\/posts\/1130\/revisions"}],"predecessor-version":[{"id":1135,"href":"https:\/\/histoirencours.fr\/blog\/index.php?rest_route=\/wp\/v2\/posts\/1130\/revisions\/1135"}],"wp:attachment":[{"href":"https:\/\/histoirencours.fr\/blog\/index.php?rest_route=%2Fwp%2Fv2%2Fmedia&parent=1130"}],"wp:term":[{"taxonomy":"category","embeddable":true,"href":"https:\/\/histoirencours.fr\/blog\/index.php?rest_route=%2Fwp%2Fv2%2Fcategories&post=1130"},{"taxonomy":"post_tag","embeddable":true,"href":"https:\/\/histoirencours.fr\/blog\/index.php?rest_route=%2Fwp%2Fv2%2Ftags&post=1130"}],"curies":[{"name":"wp","href":"https:\/\/api.w.org\/{rel}","templated":true}]}}