{"id":1148,"date":"2014-03-18T18:05:38","date_gmt":"2014-03-18T17:05:38","guid":{"rendered":"http:\/\/histoirencours.fr\/blog\/?p=1148"},"modified":"2014-03-18T18:05:59","modified_gmt":"2014-03-18T17:05:59","slug":"4eme-la-revolution-et-la-guerre","status":"publish","type":"post","link":"https:\/\/histoirencours.fr\/blog\/?p=1148","title":{"rendered":"4\u00e8me : La R\u00e9volution et la guerre"},"content":{"rendered":"<p><a title=\"Jean-Baptiste Mauzaisse [Public domain], via Wikimedia Commons\" href=\"http:\/\/commons.wikimedia.org\/wiki\/File%3AValmy_Battle_painting.jpg\"><img loading=\"lazy\" decoding=\"async\" class=\"alignleft\" alt=\"Valmy Battle painting\" src=\"\/\/upload.wikimedia.org\/wikipedia\/commons\/thumb\/c\/c8\/Valmy_Battle_painting.jpg\/512px-Valmy_Battle_painting.jpg\" width=\"512\" height=\"312\" \/><\/a><\/p>\n<p>&nbsp;<\/p>\n<p><i>La bataille de Valmy. le 20 septembre 1792<\/i>, peinture d&#8217;Horace Vernet, 1826.<\/p>\n<p>&nbsp;<\/p>\n<p>&nbsp;<\/p>\n<p>&nbsp;<\/p>\n<p>Apr\u00e8s les temps forts de la R\u00e9volution, le<strong> <span style=\"color: #ff0000;\">chapitre 6 d&#8217;Histoire s&#8217;intitule les fondations d&#8217;une France nouvelle. <\/span><\/strong><span style=\"color: #ff0000;\"><span style=\"color: #000000;\">Il concerne toujours la p\u00e9riode r\u00e9volutionnaire, mais il a pour but de mettre en \u00e9vidence les grands changements que la France doit \u00e0 cette p\u00e9riode.\u00a0<\/span><\/span><\/p>\n<p><span style=\"color: #000000;\">J&#8217;ai choisi de faire travailler les \u00e9l\u00e8ves en groupe sur <span style=\"color: #ff0000;\">la R\u00e9volution, l&#8217;Empire et la guerre.<span style=\"color: #000000;\"> La premi\u00e8re partie\u00a0<\/span><span style=\"color: #000000;\">concerne la R\u00e9volution et la guerre. Le travail se fait par groupes de 2 \u00e9l\u00e8ves.<\/span><\/span><\/span><\/p>\n<p><object width=\"600\" height=\"450\" classid=\"clsid:d27cdb6e-ae6d-11cf-96b8-444553540000\" codebase=\"http:\/\/download.macromedia.com\/pub\/shockwave\/cabs\/flash\/swflash.cab#version=6,0,40,0\"><param name=\"src\" value=\"http:\/\/histoirencours.fr\/blog\/wp-content\/uploads\/4eme\/Revolution_guerre.swf\" \/><embed width=\"600\" height=\"450\" type=\"application\/x-shockwave-flash\" src=\"http:\/\/histoirencours.fr\/blog\/wp-content\/uploads\/4eme\/Revolution_guerre.swf\" \/><\/object><\/p>\n<p>Vous pouvez t\u00e9l\u00e9charger <a href=\"http:\/\/histoirencours.fr\/blog\/wp-content\/uploads\/4eme\/Fiches%20eleves%20Revolution_guerre.docx\" target=\"_blank\">les fiches \u00e9l\u00e8ves<\/a> et les documents utilis\u00e9s pour l&#8217;exercice (en plus de ceux du manuel\u00a0H\u00e2tier\u00a0utilis\u00e9 en classe).<\/p>\n<p>Views: 45<\/p>","protected":false},"excerpt":{"rendered":"<p>&nbsp; La bataille de Valmy. le 20 septembre 1792, peinture d&#8217;Horace Vernet, 1826. &nbsp; &nbsp; &nbsp; Apr\u00e8s les temps forts de la R\u00e9volution, le chapitre 6 d&#8217;Histoire s&#8217;intitule les fondations d&#8217;une France nouvelle. Il concerne toujours la p\u00e9riode r\u00e9volutionnaire, mais &hellip; <a href=\"https:\/\/histoirencours.fr\/blog\/?p=1148\">Continuer la lecture <span class=\"meta-nav\">&rarr;<\/span><\/a><\/p>\n","protected":false},"author":1,"featured_media":0,"comment_status":"open","ping_status":"open","sticky":false,"template":"","format":"standard","meta":{"_monsterinsights_skip_tracking":false,"_monsterinsights_sitenote_active":false,"_monsterinsights_sitenote_note":"","_monsterinsights_sitenote_category":0,"ngg_post_thumbnail":0,"footnotes":""},"categories":[23,4],"tags":[32,22,357,117,169,147],"class_list":["post-1148","post","type-post","status-publish","format-standard","hentry","category-histoire-quatrieme","category-quatrieme","tag-4eme","tag-cours","tag-fondations","tag-france","tag-guerre","tag-revolution"],"aioseo_notices":[],"amp_enabled":true,"_links":{"self":[{"href":"https:\/\/histoirencours.fr\/blog\/index.php?rest_route=\/wp\/v2\/posts\/1148","targetHints":{"allow":["GET"]}}],"collection":[{"href":"https:\/\/histoirencours.fr\/blog\/index.php?rest_route=\/wp\/v2\/posts"}],"about":[{"href":"https:\/\/histoirencours.fr\/blog\/index.php?rest_route=\/wp\/v2\/types\/post"}],"author":[{"embeddable":true,"href":"https:\/\/histoirencours.fr\/blog\/index.php?rest_route=\/wp\/v2\/users\/1"}],"replies":[{"embeddable":true,"href":"https:\/\/histoirencours.fr\/blog\/index.php?rest_route=%2Fwp%2Fv2%2Fcomments&post=1148"}],"version-history":[{"count":7,"href":"https:\/\/histoirencours.fr\/blog\/index.php?rest_route=\/wp\/v2\/posts\/1148\/revisions"}],"predecessor-version":[{"id":3228,"href":"https:\/\/histoirencours.fr\/blog\/index.php?rest_route=\/wp\/v2\/posts\/1148\/revisions\/3228"}],"wp:attachment":[{"href":"https:\/\/histoirencours.fr\/blog\/index.php?rest_route=%2Fwp%2Fv2%2Fmedia&parent=1148"}],"wp:term":[{"taxonomy":"category","embeddable":true,"href":"https:\/\/histoirencours.fr\/blog\/index.php?rest_route=%2Fwp%2Fv2%2Fcategories&post=1148"},{"taxonomy":"post_tag","embeddable":true,"href":"https:\/\/histoirencours.fr\/blog\/index.php?rest_route=%2Fwp%2Fv2%2Ftags&post=1148"}],"curies":[{"name":"wp","href":"https:\/\/api.w.org\/{rel}","templated":true}]}}