{"id":1164,"date":"2015-03-18T13:51:54","date_gmt":"2015-03-18T12:51:54","guid":{"rendered":"http:\/\/histoirencours.fr\/blog\/?p=1164"},"modified":"2015-03-18T13:51:24","modified_gmt":"2015-03-18T12:51:24","slug":"6eme-lenfant","status":"publish","type":"post","link":"https:\/\/histoirencours.fr\/blog\/?p=1164","title":{"rendered":"6\u00e8me : L&#8217;enfant, une personne mineure (1)"},"content":{"rendered":"<p><span style=\"color: #ff0000;\"><a href=\"http:\/\/histoirencours.fr\/blog\/wp-content\/uploads\/2012\/01\/patchwork_clipart.jpg\"><img loading=\"lazy\" decoding=\"async\" class=\"alignleft  wp-image-1167\" title=\"patchwork_clipart\" src=\"http:\/\/histoirencours.fr\/blog\/wp-content\/uploads\/2012\/01\/patchwork_clipart-300x220.jpg\" alt=\"\" width=\"210\" height=\"154\" srcset=\"https:\/\/histoirencours.fr\/blog\/wp-content\/uploads\/2012\/01\/patchwork_clipart-300x220.jpg 300w, https:\/\/histoirencours.fr\/blog\/wp-content\/uploads\/2012\/01\/patchwork_clipart.jpg 448w\" sizes=\"auto, (max-width: 210px) 100vw, 210px\" \/><\/a>Le deuxi\u00e8me chapitre d&#8217;Education civique<\/span> de l&#8217;ann\u00e9e s&#8217;intitule <span style=\"color: #ff0000;\">l&#8217;enfant, une personne mineure. <\/span><\/p>\n<p><span style=\"color: #ff0000;\"><span style=\"color: #000000;\">Dans la premi\u00e8re partie, nous avons vu que <span style=\"color: #ff0000;\">l&#8217;enfant est une personne qui a une identit\u00e9.\u00a0<\/span><\/span><\/span><\/p>\n<p><object width=\"600\" height=\"450\" classid=\"clsid:d27cdb6e-ae6d-11cf-96b8-444553540000\" codebase=\"http:\/\/download.macromedia.com\/pub\/shockwave\/cabs\/flash\/swflash.cab#version=6,0,40,0\"><param name=\"src\" value=\"http:\/\/histoirencours.fr\/blog\/wp-content\/uploads\/6eme\/Lenfant_1.swf\" \/><embed width=\"600\" height=\"450\" type=\"application\/x-shockwave-flash\" src=\"http:\/\/histoirencours.fr\/blog\/wp-content\/uploads\/6eme\/Lenfant_1.swf\" \/><\/object><\/p>\n<p>Un <a href=\"http:\/\/www.directmatin.fr\/france\/2012-10-20\/nael-le-bebe-qui-nexistait-pas-legalement-182030\" target=\"_blank\">article <\/a>sur Na\u00ebl, un enfant pas d\u00e9clar\u00e9 \u00e0 temps et qui n&#8217;existait donc pas&#8230;<\/p>\n<p>La m\u00eame histoire dans un reportage de France t\u00e9l\u00e9vision<\/p>\n<p><iframe loading=\"lazy\" src=\"http:\/\/api.dmcloud.net\/player\/embed\/4e7343f894a6f677b10006b4\/5085040994a6f63744000ea1\/aa58199b663a4c04996304ec4198ce4f?exported=1\" width=\"640\" height=\"359\" frameborder=\"0\"><\/iframe><\/p>\n<p>Views: 236<\/p>","protected":false},"excerpt":{"rendered":"<p>Le deuxi\u00e8me chapitre d&#8217;Education civique de l&#8217;ann\u00e9e s&#8217;intitule l&#8217;enfant, une personne mineure. Dans la premi\u00e8re partie, nous avons vu que l&#8217;enfant est une personne qui a une identit\u00e9.\u00a0 Un article sur Na\u00ebl, un enfant pas d\u00e9clar\u00e9 \u00e0 temps et qui &hellip; <a href=\"https:\/\/histoirencours.fr\/blog\/?p=1164\">Continuer la lecture <span class=\"meta-nav\">&rarr;<\/span><\/a><\/p>\n","protected":false},"author":1,"featured_media":0,"comment_status":"open","ping_status":"open","sticky":false,"template":"","format":"standard","meta":{"_monsterinsights_skip_tracking":false,"_monsterinsights_sitenote_active":false,"_monsterinsights_sitenote_note":"","_monsterinsights_sitenote_category":0,"ngg_post_thumbnail":0,"footnotes":""},"categories":[12,5],"tags":[40,22,434,170],"class_list":["post-1164","post","type-post","status-publish","format-standard","hentry","category-education-civique","category-sixieme","tag-6eme","tag-cours","tag-education-civique","tag-lenfant"],"aioseo_notices":[],"amp_enabled":true,"_links":{"self":[{"href":"https:\/\/histoirencours.fr\/blog\/index.php?rest_route=\/wp\/v2\/posts\/1164","targetHints":{"allow":["GET"]}}],"collection":[{"href":"https:\/\/histoirencours.fr\/blog\/index.php?rest_route=\/wp\/v2\/posts"}],"about":[{"href":"https:\/\/histoirencours.fr\/blog\/index.php?rest_route=\/wp\/v2\/types\/post"}],"author":[{"embeddable":true,"href":"https:\/\/histoirencours.fr\/blog\/index.php?rest_route=\/wp\/v2\/users\/1"}],"replies":[{"embeddable":true,"href":"https:\/\/histoirencours.fr\/blog\/index.php?rest_route=%2Fwp%2Fv2%2Fcomments&post=1164"}],"version-history":[{"count":8,"href":"https:\/\/histoirencours.fr\/blog\/index.php?rest_route=\/wp\/v2\/posts\/1164\/revisions"}],"predecessor-version":[{"id":3600,"href":"https:\/\/histoirencours.fr\/blog\/index.php?rest_route=\/wp\/v2\/posts\/1164\/revisions\/3600"}],"wp:attachment":[{"href":"https:\/\/histoirencours.fr\/blog\/index.php?rest_route=%2Fwp%2Fv2%2Fmedia&parent=1164"}],"wp:term":[{"taxonomy":"category","embeddable":true,"href":"https:\/\/histoirencours.fr\/blog\/index.php?rest_route=%2Fwp%2Fv2%2Fcategories&post=1164"},{"taxonomy":"post_tag","embeddable":true,"href":"https:\/\/histoirencours.fr\/blog\/index.php?rest_route=%2Fwp%2Fv2%2Ftags&post=1164"}],"curies":[{"name":"wp","href":"https:\/\/api.w.org\/{rel}","templated":true}]}}