{"id":1194,"date":"2015-04-13T09:14:16","date_gmt":"2015-04-13T07:14:16","guid":{"rendered":"http:\/\/histoirencours.fr\/blog\/?p=1194"},"modified":"2015-04-13T09:14:21","modified_gmt":"2015-04-13T07:14:21","slug":"6eme-lenfant-3","status":"publish","type":"post","link":"https:\/\/histoirencours.fr\/blog\/?p=1194","title":{"rendered":"6\u00e8me : L&#8217;enfant (3)"},"content":{"rendered":"<p><a href=\"http:\/\/histoirencours.fr\/blog\/wp-content\/uploads\/2012\/01\/patchwork_clipart.jpg\"><img loading=\"lazy\" decoding=\"async\" class=\"alignleft size-medium wp-image-1167\" title=\"patchwork_clipart\" src=\"http:\/\/histoirencours.fr\/blog\/wp-content\/uploads\/2012\/01\/patchwork_clipart-300x220.jpg\" alt=\"\" width=\"300\" height=\"220\" srcset=\"https:\/\/histoirencours.fr\/blog\/wp-content\/uploads\/2012\/01\/patchwork_clipart-300x220.jpg 300w, https:\/\/histoirencours.fr\/blog\/wp-content\/uploads\/2012\/01\/patchwork_clipart.jpg 448w\" sizes=\"auto, (max-width: 300px) 100vw, 300px\" \/><\/a>La derni\u00e8re partie du <span style=\"color: #ff0000;\">chapitre sur l&#8217;enfant<\/span>, consacr\u00e9e <span style=\"color: #ff0000;\">aux droits et aux devoirs de l&#8217;enfant<\/span>, n&#8217;est pas encore termin\u00e9e en classe, mais la voici en int\u00e9gralit\u00e9 sur le blog. Sous la pr\u00e9sentation, vous retrouvez les vid\u00e9os vues en classe et quelques liens en rapport avec le sujet.<\/p>\n<p><object width=\"600\" height=\"450\" classid=\"clsid:d27cdb6e-ae6d-11cf-96b8-444553540000\" codebase=\"http:\/\/download.macromedia.com\/pub\/shockwave\/cabs\/flash\/swflash.cab#version=6,0,40,0\"><param name=\"src\" value=\"http:\/\/histoirencours.fr\/blog\/wp-content\/uploads\/6eme\/Lenfant_3.swf\" \/><embed width=\"600\" height=\"450\" type=\"application\/x-shockwave-flash\" src=\"http:\/\/histoirencours.fr\/blog\/wp-content\/uploads\/6eme\/Lenfant_3.swf\" \/><\/object><\/p>\n<p><span style=\"color: #008080;\">Des vid\u00e9os sur le harc\u00e8lement \u00e0 l&#8217;\u00e9cole\u00a0<\/span><\/p>\n<p><iframe loading=\"lazy\" src=\"http:\/\/www.youtube.com\/embed\/wvnotcnHiMo\" width=\"560\" height=\"315\" frameborder=\"0\"><\/iframe><\/p>\n<p><iframe loading=\"lazy\" src=\"http:\/\/www.youtube.com\/embed\/kTJoyhprYWc\" width=\"560\" height=\"315\" frameborder=\"0\"><\/iframe><\/p>\n<p>L&#8217;article de ce blog consacr\u00e9 \u00e0 la campagne nationale <span style=\"color: #ff0000;\">contre le harc\u00e8lement \u00e0 l&#8217;\u00e9cole<\/span> est <a href=\"http:\/\/histoirencours.fr\/blog\/?p=1130\">ici<\/a>.<\/p>\n<p><span style=\"color: #008080;\">Les deux vid\u00e9os sur les 20 ans de la Convention internationale des droits de l&#8217;enfant<\/span><\/p>\n<p><iframe loading=\"lazy\" src=\"http:\/\/www.youtube.com\/embed\/hFAspjUqd6I\" width=\"420\" height=\"315\" frameborder=\"0\"><\/iframe><\/p>\n<p><iframe loading=\"lazy\" src=\"http:\/\/www.youtube.com\/embed\/lvP2HXYw-ow\" width=\"420\" height=\"315\" frameborder=\"0\"><\/iframe><\/p>\n<p>Le site education.francetv met \u00e0 disposition des ressources sur les droits de l&#8217;enfant et la convention, dont un <a href=\"http:\/\/education.francetv.fr\/images\/DOSSI\/DOSSI14605\/quiz.swf\" target=\"_blank\">quiz<\/a>.<\/p>\n<p>Voici le lien vers la <a href=\"http:\/\/www.allo119.gouv.fr\/\" target=\"_blank\">page internet du 119<\/a>, num\u00e9ro d&#8217;aide aux enfants.<\/p>\n<p>Le site internet de l&#8217;association <a href=\"http:\/\/www.lavoixdelenfant.org\/index.php\" target=\"_blank\">La Voix de l&#8217;Enfant<\/a>. Un <a href=\"http:\/\/www.droitspartages.net\/\" target=\"_blank\">site <\/a>sur les droits de l&#8217;Homme et les droits de l&#8217;enfant.<\/p>\n<p>Views: 55<\/p>","protected":false},"excerpt":{"rendered":"<p>La derni\u00e8re partie du chapitre sur l&#8217;enfant, consacr\u00e9e aux droits et aux devoirs de l&#8217;enfant, n&#8217;est pas encore termin\u00e9e en classe, mais la voici en int\u00e9gralit\u00e9 sur le blog. Sous la pr\u00e9sentation, vous retrouvez les vid\u00e9os vues en classe et &hellip; <a href=\"https:\/\/histoirencours.fr\/blog\/?p=1194\">Continuer la lecture <span class=\"meta-nav\">&rarr;<\/span><\/a><\/p>\n","protected":false},"author":1,"featured_media":0,"comment_status":"open","ping_status":"open","sticky":false,"template":"","format":"standard","meta":{"_monsterinsights_skip_tracking":false,"_monsterinsights_sitenote_active":false,"_monsterinsights_sitenote_note":"","_monsterinsights_sitenote_category":0,"ngg_post_thumbnail":0,"footnotes":""},"categories":[12],"tags":[40,22,178,177,434,170],"class_list":["post-1194","post","type-post","status-publish","format-standard","hentry","category-education-civique","tag-6eme","tag-cours","tag-devoirs","tag-droits","tag-education-civique","tag-lenfant"],"aioseo_notices":[],"amp_enabled":true,"_links":{"self":[{"href":"https:\/\/histoirencours.fr\/blog\/index.php?rest_route=\/wp\/v2\/posts\/1194","targetHints":{"allow":["GET"]}}],"collection":[{"href":"https:\/\/histoirencours.fr\/blog\/index.php?rest_route=\/wp\/v2\/posts"}],"about":[{"href":"https:\/\/histoirencours.fr\/blog\/index.php?rest_route=\/wp\/v2\/types\/post"}],"author":[{"embeddable":true,"href":"https:\/\/histoirencours.fr\/blog\/index.php?rest_route=\/wp\/v2\/users\/1"}],"replies":[{"embeddable":true,"href":"https:\/\/histoirencours.fr\/blog\/index.php?rest_route=%2Fwp%2Fv2%2Fcomments&post=1194"}],"version-history":[{"count":5,"href":"https:\/\/histoirencours.fr\/blog\/index.php?rest_route=\/wp\/v2\/posts\/1194\/revisions"}],"predecessor-version":[{"id":3633,"href":"https:\/\/histoirencours.fr\/blog\/index.php?rest_route=\/wp\/v2\/posts\/1194\/revisions\/3633"}],"wp:attachment":[{"href":"https:\/\/histoirencours.fr\/blog\/index.php?rest_route=%2Fwp%2Fv2%2Fmedia&parent=1194"}],"wp:term":[{"taxonomy":"category","embeddable":true,"href":"https:\/\/histoirencours.fr\/blog\/index.php?rest_route=%2Fwp%2Fv2%2Fcategories&post=1194"},{"taxonomy":"post_tag","embeddable":true,"href":"https:\/\/histoirencours.fr\/blog\/index.php?rest_route=%2Fwp%2Fv2%2Ftags&post=1194"}],"curies":[{"name":"wp","href":"https:\/\/api.w.org\/{rel}","templated":true}]}}