{"id":1212,"date":"2015-03-18T13:57:05","date_gmt":"2015-03-18T12:57:05","guid":{"rendered":"http:\/\/histoirencours.fr\/blog\/?p=1212"},"modified":"2015-03-18T13:57:23","modified_gmt":"2015-03-18T12:57:23","slug":"4eme-la-france-et-leurope-en-1815-2","status":"publish","type":"post","link":"https:\/\/histoirencours.fr\/blog\/?p=1212","title":{"rendered":"4\u00e8me : La France et l&#8217;Europe en 1815 (2)"},"content":{"rendered":"<p><span style=\"color: #ff0000;\"><a href=\"http:\/\/histoirencours.fr\/blog\/wp-content\/uploads\/2012\/02\/Goya_ElTresdeMayode18081.jpg\"><img loading=\"lazy\" decoding=\"async\" class=\"alignleft  wp-image-1214\" title=\"Goya_ElTresdeMayode1808[1]\" src=\"http:\/\/histoirencours.fr\/blog\/wp-content\/uploads\/2012\/02\/Goya_ElTresdeMayode18081.jpg\" alt=\"\" width=\"353\" height=\"268\" srcset=\"https:\/\/histoirencours.fr\/blog\/wp-content\/uploads\/2012\/02\/Goya_ElTresdeMayode18081.jpg 589w, https:\/\/histoirencours.fr\/blog\/wp-content\/uploads\/2012\/02\/Goya_ElTresdeMayode18081-300x227.jpg 300w\" sizes=\"auto, (max-width: 353px) 100vw, 353px\" \/><\/a>Les id\u00e9es r\u00e9volutionnaires sont-elles mortes avec la d\u00e9faite fran\u00e7aise de 1815 ?<\/span><\/p>\n<p>Cette deuxi\u00e8me partie du chapitre y r\u00e9pond en montrant qu&#8217;elles vont persister. Elles se sont m\u00eame retourn\u00e9es contre les arm\u00e9es napol\u00e9oniennes puisque les pays occup\u00e9s se sont soulev\u00e9s contre elles.<\/p>\n<p><object width=\"600\" height=\"450\" classid=\"clsid:d27cdb6e-ae6d-11cf-96b8-444553540000\" codebase=\"http:\/\/download.macromedia.com\/pub\/shockwave\/cabs\/flash\/swflash.cab#version=6,0,40,0\"><param name=\"src\" value=\"http:\/\/histoirencours.fr\/blog\/wp-content\/uploads\/4eme\/Europe_1815_2.swf\" \/><embed width=\"600\" height=\"450\" type=\"application\/x-shockwave-flash\" src=\"http:\/\/histoirencours.fr\/blog\/wp-content\/uploads\/4eme\/Europe_1815_2.swf\" \/><\/object><\/p>\n<p>Pour compl\u00e9ter, <a href=\"http:\/\/artic.ac-besancon.fr\/histoire_geographie\/Sallet\/Tresdemayo.html\" target=\"_blank\">une animation<\/a>\u00a0de Philippe Sallet tr\u00e8s bien faite et compl\u00e8te sur le tableau de Goya &#8220;Tres de Mayo&#8221;.<\/p>\n<p>Un court extrait du documentaire d\u00e9j\u00e0 \u00e9voqu\u00e9 en classe et sur ce blog, consacr\u00e9 \u00e0 Napol\u00e9on en Espagne :<\/p>\n<p><iframe loading=\"lazy\" src=\"http:\/\/www.dailymotion.com\/embed\/video\/x61ks2\" width=\"480\" height=\"360\" frameborder=\"0\"><\/iframe><br \/>\n<a href=\"http:\/\/www.dailymotion.com\/video\/x61ks2_napoleon-et-l-espagne_news\" target=\"_blank\">Napol\u00e9on et l&#8217;Espagne<\/a> <i>par <a href=\"http:\/\/www.dailymotion.com\/elcobra777\" target=\"_blank\">elcobra777<\/a><\/i><\/p>\n<p>Views: 112<\/p>","protected":false},"excerpt":{"rendered":"<p>Les id\u00e9es r\u00e9volutionnaires sont-elles mortes avec la d\u00e9faite fran\u00e7aise de 1815 ? Cette deuxi\u00e8me partie du chapitre y r\u00e9pond en montrant qu&#8217;elles vont persister. Elles se sont m\u00eame retourn\u00e9es contre les arm\u00e9es napol\u00e9oniennes puisque les pays occup\u00e9s se sont soulev\u00e9s &hellip; <a href=\"https:\/\/histoirencours.fr\/blog\/?p=1212\">Continuer la lecture <span class=\"meta-nav\">&rarr;<\/span><\/a><\/p>\n","protected":false},"author":1,"featured_media":0,"comment_status":"open","ping_status":"open","sticky":false,"template":"","format":"standard","meta":{"_monsterinsights_skip_tracking":false,"_monsterinsights_sitenote_active":false,"_monsterinsights_sitenote_note":"","_monsterinsights_sitenote_category":0,"ngg_post_thumbnail":0,"footnotes":""},"categories":[23,4],"tags":[180,32,22,94,117,432],"class_list":["post-1212","post","type-post","status-publish","format-standard","hentry","category-histoire-quatrieme","category-quatrieme","tag-180","tag-4eme","tag-cours","tag-europe","tag-france","tag-histoire"],"aioseo_notices":[],"amp_enabled":true,"_links":{"self":[{"href":"https:\/\/histoirencours.fr\/blog\/index.php?rest_route=\/wp\/v2\/posts\/1212","targetHints":{"allow":["GET"]}}],"collection":[{"href":"https:\/\/histoirencours.fr\/blog\/index.php?rest_route=\/wp\/v2\/posts"}],"about":[{"href":"https:\/\/histoirencours.fr\/blog\/index.php?rest_route=\/wp\/v2\/types\/post"}],"author":[{"embeddable":true,"href":"https:\/\/histoirencours.fr\/blog\/index.php?rest_route=\/wp\/v2\/users\/1"}],"replies":[{"embeddable":true,"href":"https:\/\/histoirencours.fr\/blog\/index.php?rest_route=%2Fwp%2Fv2%2Fcomments&post=1212"}],"version-history":[{"count":6,"href":"https:\/\/histoirencours.fr\/blog\/index.php?rest_route=\/wp\/v2\/posts\/1212\/revisions"}],"predecessor-version":[{"id":3602,"href":"https:\/\/histoirencours.fr\/blog\/index.php?rest_route=\/wp\/v2\/posts\/1212\/revisions\/3602"}],"wp:attachment":[{"href":"https:\/\/histoirencours.fr\/blog\/index.php?rest_route=%2Fwp%2Fv2%2Fmedia&parent=1212"}],"wp:term":[{"taxonomy":"category","embeddable":true,"href":"https:\/\/histoirencours.fr\/blog\/index.php?rest_route=%2Fwp%2Fv2%2Fcategories&post=1212"},{"taxonomy":"post_tag","embeddable":true,"href":"https:\/\/histoirencours.fr\/blog\/index.php?rest_route=%2Fwp%2Fv2%2Ftags&post=1212"}],"curies":[{"name":"wp","href":"https:\/\/api.w.org\/{rel}","templated":true}]}}