{"id":1217,"date":"2015-04-13T09:15:06","date_gmt":"2015-04-13T07:15:06","guid":{"rendered":"http:\/\/histoirencours.fr\/blog\/?p=1217"},"modified":"2015-04-13T09:15:23","modified_gmt":"2015-04-13T07:15:23","slug":"6eme-reviser-le-chapitre-sur-lenfant-en-education-civique","status":"publish","type":"post","link":"https:\/\/histoirencours.fr\/blog\/?p=1217","title":{"rendered":"6\u00e8me : R\u00e9viser le chapitre sur l&#8217;Enfant en \u00e9ducation civique"},"content":{"rendered":"<dl id=\"foter-photo-figure\" class=\"foter-photo alignleft\" style=\"width: 300px; color: #888; position: relative; font-size: 11px; font-family: Arial, Helvetica, sans-serif; overflow: hidden; zoom: 1; padding: 4px; border: 1px solid #DDDDDD; border-radius: 3px 3px 3px 3px;\">\n<dt><img decoding=\"async\" class=\"foter-photo mceItem\" style=\"display: block; width: 100%;\" title=\"Lilly. June 2010\" src=\"http:\/\/foter.com\/img\/photo\/11\/lilly-june-2010_l.jpg\" alt=\"\" \/><\/dt>\n<dd style=\"padding: 0; margin: 0;\"><span style=\"display: block; float: right;\"><a href=\"http:\/\/www.flickr.com\/photos\/34175220@N07\/\">Ally Mauro<\/a> \/<a title=\"Free Photos\" href=\"http:\/\/foter.com\/\">Free Photos<\/a><\/span><\/dd>\n<\/dl>\n<p><span style=\"color: #ff0000;\">Le chapitre d&#8217;\u00e9ducation civique\u00a0sur l&#8217;Enfant est termin\u00e9!<\/span> Le contr\u00f4le aura lieu la semaine prochaine.<\/p>\n<p>&nbsp;<\/p>\n<p>Vous pouvez revoir les diaporamas visionn\u00e9s en classe.<\/p>\n<p><span style=\"color: #008080;\">Les diaporamas<\/span> sont sur d&#8217;anciens articles du blog : <a href=\"http:\/\/histoirencours.fr\/blog\/?p=1164\" target=\"_blank\">la partie 1<\/a> ; <a href=\"http:\/\/histoirencours.fr\/blog\/?p=1185\" target=\"_blank\">la partie 2<\/a> ; <a href=\"http:\/\/histoirencours.fr\/blog\/?p=1194\" target=\"_blank\">la partie 3<\/a><\/p>\n<p>Et vous pouvez m\u00eame \u00e9couter la le\u00e7on et la podcaster (la t\u00e9l\u00e9charger) :<\/p>\n<p><iframe loading=\"lazy\" src=\"https:\/\/w.soundcloud.com\/player\/?url=https%3A\/\/api.soundcloud.com\/tracks\/141200984&amp;color=00aabb&amp;auto_play=false&amp;hide_related=false&amp;show_artwork=true\" width=\"100%\" height=\"166\" frameborder=\"no\" scrolling=\"no\"><\/iframe><\/p>\n<p>Comme \u00e0 chaque fois, je vous conseille de <span style=\"color: #008080;\">r\u00e9pondre aux questions<\/span>\u00a0<a href=\"http:\/\/histoirencours.fr\/quizz\/Quizz6eme\/Lenfant-Web\/index.html\" target=\"_blank\">du quiz<\/a>\u00a0pour r\u00e9viser le chapitre.<\/p>\n<p>Le coll\u00e8gue du blog <a href=\"http:\/\/lewebpedagogique.com\/juleslagneauhg\/\" target=\"_blank\">Un p&#8217;tit tour par la salle B110<\/a>\u00a0a lui aussi fait un quiz pour\u00a0s\u2019entra\u00eener. Retrouvez ce quiz\u00a0<a href=\"http:\/\/www.quizz.biz\/quizz-134583.html\" target=\"_blank\">ici<\/a>.<\/p>\n<p>Views: 208<\/p>","protected":false},"excerpt":{"rendered":"<p>Ally Mauro \/Free Photos Le chapitre d&#8217;\u00e9ducation civique\u00a0sur l&#8217;Enfant est termin\u00e9! Le contr\u00f4le aura lieu la semaine prochaine. &nbsp; Vous pouvez revoir les diaporamas visionn\u00e9s en classe. Les diaporamas sont sur d&#8217;anciens articles du blog : la partie 1 ; &hellip; <a href=\"https:\/\/histoirencours.fr\/blog\/?p=1217\">Continuer la lecture <span class=\"meta-nav\">&rarr;<\/span><\/a><\/p>\n","protected":false},"author":1,"featured_media":0,"comment_status":"open","ping_status":"open","sticky":false,"template":"","format":"standard","meta":{"_monsterinsights_skip_tracking":false,"_monsterinsights_sitenote_active":false,"_monsterinsights_sitenote_note":"","_monsterinsights_sitenote_category":0,"ngg_post_thumbnail":0,"footnotes":""},"categories":[12],"tags":[40,434,170,52],"class_list":["post-1217","post","type-post","status-publish","format-standard","hentry","category-education-civique","tag-6eme","tag-education-civique","tag-lenfant","tag-reviser"],"aioseo_notices":[],"amp_enabled":true,"_links":{"self":[{"href":"https:\/\/histoirencours.fr\/blog\/index.php?rest_route=\/wp\/v2\/posts\/1217","targetHints":{"allow":["GET"]}}],"collection":[{"href":"https:\/\/histoirencours.fr\/blog\/index.php?rest_route=\/wp\/v2\/posts"}],"about":[{"href":"https:\/\/histoirencours.fr\/blog\/index.php?rest_route=\/wp\/v2\/types\/post"}],"author":[{"embeddable":true,"href":"https:\/\/histoirencours.fr\/blog\/index.php?rest_route=\/wp\/v2\/users\/1"}],"replies":[{"embeddable":true,"href":"https:\/\/histoirencours.fr\/blog\/index.php?rest_route=%2Fwp%2Fv2%2Fcomments&post=1217"}],"version-history":[{"count":6,"href":"https:\/\/histoirencours.fr\/blog\/index.php?rest_route=\/wp\/v2\/posts\/1217\/revisions"}],"predecessor-version":[{"id":3634,"href":"https:\/\/histoirencours.fr\/blog\/index.php?rest_route=\/wp\/v2\/posts\/1217\/revisions\/3634"}],"wp:attachment":[{"href":"https:\/\/histoirencours.fr\/blog\/index.php?rest_route=%2Fwp%2Fv2%2Fmedia&parent=1217"}],"wp:term":[{"taxonomy":"category","embeddable":true,"href":"https:\/\/histoirencours.fr\/blog\/index.php?rest_route=%2Fwp%2Fv2%2Fcategories&post=1217"},{"taxonomy":"post_tag","embeddable":true,"href":"https:\/\/histoirencours.fr\/blog\/index.php?rest_route=%2Fwp%2Fv2%2Ftags&post=1217"}],"curies":[{"name":"wp","href":"https:\/\/api.w.org\/{rel}","templated":true}]}}