{"id":1229,"date":"2012-02-15T20:52:48","date_gmt":"2012-02-15T19:52:48","guid":{"rendered":"http:\/\/histoirencours.fr\/blog\/?p=1229"},"modified":"2012-02-15T20:52:48","modified_gmt":"2012-02-15T19:52:48","slug":"3eme-geopolitique-du-monde-daujourdhui","status":"publish","type":"post","link":"https:\/\/histoirencours.fr\/blog\/?p=1229","title":{"rendered":"3\u00e8me : G\u00e9opolitique du monde d&#8217;aujourd&#8217;hui"},"content":{"rendered":"<p><img loading=\"lazy\" decoding=\"async\" class=\"alignleft\" src=\"http:\/\/img.over-blog.com\/500x343\/0\/53\/69\/44\/Photos-3\/Daryl-17-sept-2001.jpg\" alt=\"\" width=\"299\" height=\"206\" \/>Rapide chapitre de G\u00e9ographie qui ne fera pas l&#8217;objet d&#8217;une \u00e9valuation (mais qu&#8217;il faudra r\u00e9viser pour le brevet!), <span style=\"color: #ff0000;\">la G\u00e9opolitique du monde d&#8217;aujourd&#8217;hui<\/span>. Il nous a permis de travailler sur les changements de fronti\u00e8res, les guerres dans le monde et les organisations internationales.<\/p>\n<p><span style=\"text-decoration: underline;\">Image<\/span> : <a href=\"http:\/\/www.caricaturesetcaricature.com\/article-face-aux-attentats-du-11-septembre-2001-la-reaction-des-cartoonists-americains-84319544.html\" target=\"_blank\">dessin <\/a>de Daryl Cagle, 17 septembre 2001<\/p>\n<p>Voici <span style=\"color: #008080;\">le diaporama<\/span> qui a servi de support \u00e0 la correction de la feuille compl\u00e9t\u00e9e en classe<\/p>\n<p><object width=\"600\" height=\"450\" classid=\"clsid:d27cdb6e-ae6d-11cf-96b8-444553540000\" codebase=\"http:\/\/download.macromedia.com\/pub\/shockwave\/cabs\/flash\/swflash.cab#version=6,0,40,0\"><param name=\"src\" value=\"http:\/\/histoirencours.fr\/blog\/wp-content\/uploads\/3eme\/Geopolitique_du_monde.swf\" \/><embed width=\"600\" height=\"450\" type=\"application\/x-shockwave-flash\" src=\"http:\/\/histoirencours.fr\/blog\/wp-content\/uploads\/3eme\/Geopolitique_du_monde.swf\" \/><\/object><\/p>\n<p>Quelques liens d\u00e9nich\u00e9s par mon coll\u00e8gue M. Perron : sur le conflit au <a href=\"http:\/\/www.ladocumentationfrancaise.fr\/dossiers\/inde-pakistan\/cachemire.shtml\" target=\"_blank\">Cachemire <\/a>; sur le conflit <a href=\"http:\/\/www.curiosphere.tv\/israel_palestine\/accueil.html\" target=\"_blank\">isra\u00e9lo-palestinien<\/a> ; une pr\u00e9sentation sur le sujet \u00e0 partir de <a href=\"http:\/\/www.authorstream.com\/Presentation\/speigne-379520-preao-monde-actuel-entertainment-ppt-powerpoint\/\" target=\"_blank\">dessins de presse<\/a>.<\/p>\n<p>Un <a href=\"http:\/\/martial.berthot.free.fr\/questionnairenetquiz\/3emegeo\/revisergeopolitique\/main.html#\" target=\"_blank\">quiz <\/a>de M. Berthot sur le sujet.<\/p>\n<p>Views: 426<\/p>","protected":false},"excerpt":{"rendered":"<p>Rapide chapitre de G\u00e9ographie qui ne fera pas l&#8217;objet d&#8217;une \u00e9valuation (mais qu&#8217;il faudra r\u00e9viser pour le brevet!), la G\u00e9opolitique du monde d&#8217;aujourd&#8217;hui. Il nous a permis de travailler sur les changements de fronti\u00e8res, les guerres dans le monde et &hellip; <a href=\"https:\/\/histoirencours.fr\/blog\/?p=1229\">Continuer la lecture <span class=\"meta-nav\">&rarr;<\/span><\/a><\/p>\n","protected":false},"author":1,"featured_media":0,"comment_status":"open","ping_status":"open","sticky":false,"template":"","format":"standard","meta":{"_monsterinsights_skip_tracking":false,"_monsterinsights_sitenote_active":false,"_monsterinsights_sitenote_note":"","_monsterinsights_sitenote_category":0,"ngg_post_thumbnail":0,"footnotes":""},"categories":[171,3,1],"tags":[35,22,433,181,172],"class_list":["post-1229","post","type-post","status-publish","format-standard","hentry","category-geographie-troisieme","category-troisieme","category-uncategorized","tag-3eme","tag-cours","tag-geographie","tag-geopolitique","tag-monde-daujourdhui"],"aioseo_notices":[],"amp_enabled":true,"_links":{"self":[{"href":"https:\/\/histoirencours.fr\/blog\/index.php?rest_route=\/wp\/v2\/posts\/1229","targetHints":{"allow":["GET"]}}],"collection":[{"href":"https:\/\/histoirencours.fr\/blog\/index.php?rest_route=\/wp\/v2\/posts"}],"about":[{"href":"https:\/\/histoirencours.fr\/blog\/index.php?rest_route=\/wp\/v2\/types\/post"}],"author":[{"embeddable":true,"href":"https:\/\/histoirencours.fr\/blog\/index.php?rest_route=\/wp\/v2\/users\/1"}],"replies":[{"embeddable":true,"href":"https:\/\/histoirencours.fr\/blog\/index.php?rest_route=%2Fwp%2Fv2%2Fcomments&post=1229"}],"version-history":[{"count":3,"href":"https:\/\/histoirencours.fr\/blog\/index.php?rest_route=\/wp\/v2\/posts\/1229\/revisions"}],"predecessor-version":[{"id":1232,"href":"https:\/\/histoirencours.fr\/blog\/index.php?rest_route=\/wp\/v2\/posts\/1229\/revisions\/1232"}],"wp:attachment":[{"href":"https:\/\/histoirencours.fr\/blog\/index.php?rest_route=%2Fwp%2Fv2%2Fmedia&parent=1229"}],"wp:term":[{"taxonomy":"category","embeddable":true,"href":"https:\/\/histoirencours.fr\/blog\/index.php?rest_route=%2Fwp%2Fv2%2Fcategories&post=1229"},{"taxonomy":"post_tag","embeddable":true,"href":"https:\/\/histoirencours.fr\/blog\/index.php?rest_route=%2Fwp%2Fv2%2Ftags&post=1229"}],"curies":[{"name":"wp","href":"https:\/\/api.w.org\/{rel}","templated":true}]}}