{"id":1295,"date":"2012-03-12T18:38:32","date_gmt":"2012-03-12T17:38:32","guid":{"rendered":"http:\/\/histoirencours.fr\/blog\/?p=1295"},"modified":"2012-03-12T18:40:13","modified_gmt":"2012-03-12T17:40:13","slug":"3eme-concours-de-la-resistance","status":"publish","type":"post","link":"https:\/\/histoirencours.fr\/blog\/?p=1295","title":{"rendered":"3\u00e8me : Concours de la R\u00e9sistance"},"content":{"rendered":"<p><strong><span style=\"color: #ff0000;\"><img loading=\"lazy\" decoding=\"async\" class=\"alignleft\" title=\"Couverture du num\u00e9ro 70 de M\u00e9moire vivante\" src=\"http:\/\/www.fondationresistance.org\/documents\/actualite\/img00318-0.jpg\" alt=\"\" width=\"195\" height=\"269\" \/>Le concours de la R\u00e9sistance aura lieu \u00a0le\u00a0VENDREDI 23 MARS 2012 \u00e0 9H00. <\/span><\/strong>C&#8217;est donc tr\u00e8s bient\u00f4t et on n&#8217;a gu\u00e8re eu l&#8217;occasion de travailler sur le sujet pour les quelques \u00e9l\u00e8ves inscrits.<\/p>\n<p>Voici donc quelques liens pour vous y pr\u00e9parer rapidement.<\/p>\n<p>Pour cela, vous pouvez le faire en regardant <span style=\"color: #008080;\">des vid\u00e9os sur le site de l&#8217;INA<\/span>. On y trouve notamment des t\u00e9moignages de r\u00e9sistants.<a href=\"http:\/\/blogs.ina.fr\/edu\/\" target=\"_blank\"> C&#8217;est ici.\u00a0<\/a><\/p>\n<p><a href=\"http:\/\/www.fmd.asso.fr\/web\/index.php\" target=\"_blank\">Le site de la fondation pour la m\u00e9moire de la d\u00e9portation <\/a>donne un certain nombre de documents utiles pour travailler le sujet. On y retrouve notamment la brochure \u00e9dit\u00e9e sp\u00e9cialement pour le concours. A lire ci-dessous en deux parties :<\/p>\n<p><iframe loading=\"lazy\" src=\"http:\/\/www.fmd.asso.fr\/updir\/70\/1_pdfsam_mv70_version_allegee.pdf\" width=\"540\" height=\"405\"><\/iframe><\/p>\n<p><iframe loading=\"lazy\" src=\"http:\/\/www.fmd.asso.fr\/updir\/70\/19_pdfsam_mv70_version_allegee.pdf\" width=\"540\" height=\"405\"><\/iframe><\/p>\n<p>Le CRDP de Cr\u00e9teil met \u00e0 disposition pleins de ressources \u00e0 cette <a href=\"http:\/\/www.crdp.ac-creteil.fr\/cmsj\/index.php\/animation\/concours\/concours-de-la-resistance\" target=\"_blank\">adresse<\/a>. Pour acc\u00e9der aux ressources par th\u00e8me et p\u00e9riode chronologique, allez <a href=\"http:\/\/www.crdp.ac-creteil.fr\/cmsj\/index.php\/animation\/concours\/concours-de-la-resistance\/459\" target=\"_blank\">sur cette page<\/a>.<\/p>\n<p>Enfin, je vous renvoie aux anciens articles d&#8217;Histoire en cours : <a href=\"http:\/\/histoirencours.fr\/blog\/?p=990\" target=\"_blank\">les ressources documentaires sur les camps<\/a>\u00a0; la partie du cours sur la seconde guerre mondiale consacr\u00e9e \u00e0 <a href=\"http:\/\/histoirencours.fr\/blog\/?p=979\" target=\"_blank\">l&#8217;Europe nazie<\/a>.<\/p>\n<p>Views: 66<\/p>","protected":false},"excerpt":{"rendered":"<p>Le concours de la R\u00e9sistance aura lieu \u00a0le\u00a0VENDREDI 23 MARS 2012 \u00e0 9H00. C&#8217;est donc tr\u00e8s bient\u00f4t et on n&#8217;a gu\u00e8re eu l&#8217;occasion de travailler sur le sujet pour les quelques \u00e9l\u00e8ves inscrits. Voici donc quelques liens pour vous y &hellip; <a href=\"https:\/\/histoirencours.fr\/blog\/?p=1295\">Continuer la lecture <span class=\"meta-nav\">&rarr;<\/span><\/a><\/p>\n","protected":false},"author":1,"featured_media":0,"comment_status":"open","ping_status":"open","sticky":false,"template":"","format":"standard","meta":{"_monsterinsights_skip_tracking":false,"_monsterinsights_sitenote_active":false,"_monsterinsights_sitenote_note":"","_monsterinsights_sitenote_category":0,"ngg_post_thumbnail":0,"footnotes":""},"categories":[21,3],"tags":[35,189,432,84],"class_list":["post-1295","post","type-post","status-publish","format-standard","hentry","category-histoire-troisieme","category-troisieme","tag-3eme","tag-concours","tag-histoire","tag-resistance"],"aioseo_notices":[],"amp_enabled":true,"_links":{"self":[{"href":"https:\/\/histoirencours.fr\/blog\/index.php?rest_route=\/wp\/v2\/posts\/1295","targetHints":{"allow":["GET"]}}],"collection":[{"href":"https:\/\/histoirencours.fr\/blog\/index.php?rest_route=\/wp\/v2\/posts"}],"about":[{"href":"https:\/\/histoirencours.fr\/blog\/index.php?rest_route=\/wp\/v2\/types\/post"}],"author":[{"embeddable":true,"href":"https:\/\/histoirencours.fr\/blog\/index.php?rest_route=\/wp\/v2\/users\/1"}],"replies":[{"embeddable":true,"href":"https:\/\/histoirencours.fr\/blog\/index.php?rest_route=%2Fwp%2Fv2%2Fcomments&post=1295"}],"version-history":[{"count":3,"href":"https:\/\/histoirencours.fr\/blog\/index.php?rest_route=\/wp\/v2\/posts\/1295\/revisions"}],"predecessor-version":[{"id":1298,"href":"https:\/\/histoirencours.fr\/blog\/index.php?rest_route=\/wp\/v2\/posts\/1295\/revisions\/1298"}],"wp:attachment":[{"href":"https:\/\/histoirencours.fr\/blog\/index.php?rest_route=%2Fwp%2Fv2%2Fmedia&parent=1295"}],"wp:term":[{"taxonomy":"category","embeddable":true,"href":"https:\/\/histoirencours.fr\/blog\/index.php?rest_route=%2Fwp%2Fv2%2Fcategories&post=1295"},{"taxonomy":"post_tag","embeddable":true,"href":"https:\/\/histoirencours.fr\/blog\/index.php?rest_route=%2Fwp%2Fv2%2Ftags&post=1295"}],"curies":[{"name":"wp","href":"https:\/\/api.w.org\/{rel}","templated":true}]}}