{"id":1331,"date":"2014-12-17T08:37:25","date_gmt":"2014-12-17T07:37:25","guid":{"rendered":"http:\/\/histoirencours.fr\/blog\/?p=1331"},"modified":"2014-12-17T08:38:54","modified_gmt":"2014-12-17T07:38:54","slug":"4eme-la-liberte-dexpression-sur-les-reseaux-sociaux","status":"publish","type":"post","link":"https:\/\/histoirencours.fr\/blog\/?p=1331","title":{"rendered":"4\u00e8me : la libert\u00e9 d&#8217;expression sur les r\u00e9seaux sociaux"},"content":{"rendered":"<p><img loading=\"lazy\" decoding=\"async\" class=\"alignleft\" src=\"http:\/\/img.clubic.com\/02885294-photo-logo-facebook.jpg\" alt=\"\" width=\"187\" height=\"187\" \/>Suite et fin du <span style=\"color: #ff0000;\">chapitre sur les libert\u00e9s<\/span>. La deuxi\u00e8me partie concerne <span style=\"color: #ff0000;\">les conflits entre les libert\u00e9s<\/span>. <span style=\"color: #ff0000;\">L&#8217;\u00e9tude a port\u00e9 sur la libert\u00e9 d&#8217;expression sur les r\u00e9seaux sociaux avec comme exemple Facebook.\u00a0<\/span><\/p>\n<p><em><span style=\"color: #333399;\">Peut-on dire tout ce que l&#8217;on veut sur Facebook ? Quelles limites sont pos\u00e9es par Facebook \u00e0 cette libert\u00e9 ? Quelles limites l\u00e9gales existent \u00e0 la libert\u00e9 de paroles sur les r\u00e9seaux ? Ce sont les trois questions \u00e9tudi\u00e9es lors de ce travail.<\/span><\/em><\/p>\n<p>Pour commencer, <strong><span style=\"color: #008080;\">la vid\u00e9o d&#8217;introduction<\/span><\/strong> visionn\u00e9e en classe.<\/p>\n<p><iframe loading=\"lazy\" src=\"http:\/\/www.youtube.com\/embed\/g-Wm5qtFHkk\" width=\"560\" height=\"315\" frameborder=\"0\"><\/iframe><\/p>\n<p>Voici maintenant<strong><span style=\"color: #008080;\"> le diaporama<\/span><\/strong> avec tous les documents qui a servi de base au cours et \u00e0 la correction de l&#8217;exercice.<\/p>\n<p><span style=\"font-size: small;\"><span style=\"text-decoration: underline;\">Remarque<\/span> : Une partie\u00a0des documents a\u00a0\u00e9t\u00e9 trouv\u00e9e par mon coll\u00e8gue E. Grange du site <a href=\"http:\/\/lewebpedagogique.com\/lapasserelle\/\" target=\"_blank\">La Passerelle<\/a>, et les articles du Point ont \u00e9t\u00e9 signal\u00e9s dans un travail par\u00a0Anne-Sophie Martinez et\u00a0Carole Mailley.\u00a0<\/span><\/p>\n<p><object width=\"600\" height=\"450\" classid=\"clsid:d27cdb6e-ae6d-11cf-96b8-444553540000\" codebase=\"http:\/\/download.macromedia.com\/pub\/shockwave\/cabs\/flash\/swflash.cab#version=6,0,40,0\"><param name=\"src\" value=\"http:\/\/histoirencours.fr\/blog\/wp-content\/uploads\/4eme\/Facebook_liberte.swf\" \/><embed width=\"600\" height=\"450\" type=\"application\/x-shockwave-flash\" src=\"http:\/\/histoirencours.fr\/blog\/wp-content\/uploads\/4eme\/Facebook_liberte.swf\" \/><\/object><\/p>\n<p>Les <strong><span style=\"color: #008080;\">fiches compl\u00e9t\u00e9es par les \u00e9l\u00e8ves<\/span><\/strong> sont t\u00e9l\u00e9chargeables <a href=\"http:\/\/histoirencours.fr\/blog\/wp-content\/uploads\/saison%204\/Facebook%20fiche%20eleves.pptx\" target=\"_blank\">ici <\/a>(sous format pptx).<\/p>\n<p>La fiche d&#8217;information qui donne des conseils pour<strong> <span style=\"color: #993366;\">prot\u00e9ger sa vie priv\u00e9e<\/span><\/strong> sur Internet, &#8220;Ma vie en num\u00e9rique&#8221;, est visible <a href=\"http:\/\/catalogue.crdp.ac-versailles.fr\/acces_ressources\/ressources\/memotice_identite_numerique.pdf\" target=\"_blank\">ici<\/a>.<\/p>\n<p>Une\u00a0vid\u00e9o d&#8217;une adolescente canadienne,\u00a0<span style=\"color: #008080;\">Amanda Todd,\u00a0<\/span>\u00a0qui a racont\u00e9 les harc\u00e8lements qu&#8217;elle a subis sur les r\u00e9seaux sociaux :<\/p>\n<p><iframe loading=\"lazy\" src=\"http:\/\/www.youtube.com\/embed\/k6qmvDpc--c\" width=\"420\" height=\"315\" frameborder=\"0\" allowfullscreen=\"allowfullscreen\"><\/iframe><\/p>\n<p>Un article qui raconte son histoire <a href=\"http:\/\/www.france24.com\/fr\/20121016-canada-vancouver-amanda-todd-suicide-adolescente-harcelement-internet-sexuel-youtube-seins-\" target=\"_blank\">ici<\/a>.<\/p>\n<p>Une vid\u00e9o France 4 sur les cons\u00e9quences d&#8217;un profil Facebook mal employ\u00e9&#8230; (Article en lien a retrouv\u00e9 <a href=\"http:\/\/www.france4.fr\/emissions\/on-n-est-plus-des-pigeons\/thematiques\/internet-et-vie-privee-attention-aux-mauvaises-surprises\" target=\"_blank\">ici<\/a>.)<\/p>\n<p><iframe loading=\"lazy\" src=\"\/\/www.youtube.com\/embed\/lOv5Tml9D9c\" width=\"640\" height=\"360\" frameborder=\"0\" allowfullscreen=\"allowfullscreen\"><\/iframe><\/p>\n<p>Enfin, le lien vers le site <strong><span style=\"color: #993366;\">Internet sans crainte<\/span><\/strong> est <a href=\"http:\/\/www.internetsanscrainte.fr\/\" target=\"_blank\">ici<\/a>. Sur ce site, je vous conseille le jeu <a href=\"http:\/\/www.internetsanscrainte.fr\/espace-jeunes\/jeu\" target=\"_blank\">2025, ex-machina<\/a>, qui vous projette en 2025, et vous devez alors faire face \u00e0 des probl\u00e8mes dus \u00e0 ce que vous avez post\u00e9 sur Internet en 2013&#8230; Mais quelle grosse\u00a0b\u00eatise\u00a0avez-vous r\u00e9dig\u00e9 en 2013 qui vous cr\u00e9e de graves soucis 12 ans plus tard ? Allez jouer pour le savoir.<\/p>\n<p><a href=\"http:\/\/histoirencours.fr\/blog\/wp-content\/uploads\/2012\/03\/2025-exmachina-capture.jpg\"><img loading=\"lazy\" decoding=\"async\" class=\"aligncenter size-full wp-image-1333\" title=\"2025 exmachina capture\" src=\"http:\/\/histoirencours.fr\/blog\/wp-content\/uploads\/2012\/03\/2025-exmachina-capture.jpg\" alt=\"\" width=\"758\" height=\"225\" srcset=\"https:\/\/histoirencours.fr\/blog\/wp-content\/uploads\/2012\/03\/2025-exmachina-capture.jpg 758w, https:\/\/histoirencours.fr\/blog\/wp-content\/uploads\/2012\/03\/2025-exmachina-capture-300x89.jpg 300w\" sizes=\"auto, (max-width: 758px) 100vw, 758px\" \/><\/a><\/p>\n<p><span style=\"font-size: small;\"><span style=\"text-decoration: underline;\">source<\/span> : capture d&#8217;\u00e9cran du site internetsanscrainte.fr<\/span><\/p>\n<p>Views: 496<\/p>","protected":false},"excerpt":{"rendered":"<p>Suite et fin du chapitre sur les libert\u00e9s. La deuxi\u00e8me partie concerne les conflits entre les libert\u00e9s. L&#8217;\u00e9tude a port\u00e9 sur la libert\u00e9 d&#8217;expression sur les r\u00e9seaux sociaux avec comme exemple Facebook.\u00a0 Peut-on dire tout ce que l&#8217;on veut sur &hellip; <a href=\"https:\/\/histoirencours.fr\/blog\/?p=1331\">Continuer la lecture <span class=\"meta-nav\">&rarr;<\/span><\/a><\/p>\n","protected":false},"author":1,"featured_media":0,"comment_status":"open","ping_status":"open","sticky":false,"template":"","format":"standard","meta":{"_monsterinsights_skip_tracking":false,"_monsterinsights_sitenote_active":false,"_monsterinsights_sitenote_note":"","_monsterinsights_sitenote_category":0,"ngg_post_thumbnail":0,"footnotes":""},"categories":[182,4],"tags":[32,22,434,153,183],"class_list":["post-1331","post","type-post","status-publish","format-standard","hentry","category-education-civique-quatrieme","category-quatrieme","tag-4eme","tag-cours","tag-education-civique","tag-facebook","tag-libertes"],"aioseo_notices":[],"amp_enabled":true,"_links":{"self":[{"href":"https:\/\/histoirencours.fr\/blog\/index.php?rest_route=\/wp\/v2\/posts\/1331","targetHints":{"allow":["GET"]}}],"collection":[{"href":"https:\/\/histoirencours.fr\/blog\/index.php?rest_route=\/wp\/v2\/posts"}],"about":[{"href":"https:\/\/histoirencours.fr\/blog\/index.php?rest_route=\/wp\/v2\/types\/post"}],"author":[{"embeddable":true,"href":"https:\/\/histoirencours.fr\/blog\/index.php?rest_route=\/wp\/v2\/users\/1"}],"replies":[{"embeddable":true,"href":"https:\/\/histoirencours.fr\/blog\/index.php?rest_route=%2Fwp%2Fv2%2Fcomments&post=1331"}],"version-history":[{"count":7,"href":"https:\/\/histoirencours.fr\/blog\/index.php?rest_route=\/wp\/v2\/posts\/1331\/revisions"}],"predecessor-version":[{"id":3545,"href":"https:\/\/histoirencours.fr\/blog\/index.php?rest_route=\/wp\/v2\/posts\/1331\/revisions\/3545"}],"wp:attachment":[{"href":"https:\/\/histoirencours.fr\/blog\/index.php?rest_route=%2Fwp%2Fv2%2Fmedia&parent=1331"}],"wp:term":[{"taxonomy":"category","embeddable":true,"href":"https:\/\/histoirencours.fr\/blog\/index.php?rest_route=%2Fwp%2Fv2%2Fcategories&post=1331"},{"taxonomy":"post_tag","embeddable":true,"href":"https:\/\/histoirencours.fr\/blog\/index.php?rest_route=%2Fwp%2Fv2%2Ftags&post=1331"}],"curies":[{"name":"wp","href":"https:\/\/api.w.org\/{rel}","templated":true}]}}