{"id":1469,"date":"2012-04-20T18:30:22","date_gmt":"2012-04-20T16:30:22","guid":{"rendered":"http:\/\/histoirencours.fr\/blog\/?p=1469"},"modified":"2012-04-20T18:37:09","modified_gmt":"2012-04-20T16:37:09","slug":"3eme-leclatement-du-monde-communiste","status":"publish","type":"post","link":"https:\/\/histoirencours.fr\/blog\/?p=1469","title":{"rendered":"3\u00e8me : L&#8217;\u00e9clatement du monde communiste"},"content":{"rendered":"<dl id=\"foter-photo-figure\" class=\"foter-photo alignleft\" style=\"width: 300px; color: #888; position: relative; font-size: 11px; font-family: Arial, Helvetica, sans-serif; overflow: hidden; zoom: 1; padding: 4px; border: 1px solid #DDDDDD; border-radius: 3px 3px 3px 3px;\">\n<dt><img decoding=\"async\" class=\"foter-photo mceItem\" style=\"display: block; width: 100%;\" title=\"Berlin 1989, Fall der Mauer, Chute du mur\" src=\"http:\/\/histoirencours.fr\/blog\/wp-content\/uploads\/2012\/04\/berlin-1989-fall-der-mauer-chute-du-mur.jpg\" alt=\"\" \/><\/dt>\n<dd style=\"padding: 0; margin: 0;\"><span style=\"display: block; float: right;\"><a href=\"http:\/\/www.flickr.com\/photos\/32108725@N04\/\">VivaoPictures<\/a> \/ <a title=\"Foter\" href=\"http:\/\/foter.com\/\">Foter<\/a><\/span><\/dd>\n<\/dl>\n<p>Conclusion de ce gros chapitre sur les relations internationales depuis 1945, <strong><span style=\"color: #ff0000;\">l&#8217;\u00e9clatement du monde communiste avec la chute du mur de Berlin.<\/span><\/strong><\/p>\n<p>&nbsp;<\/p>\n<p>Comme d&#8217;habitude, ci-dessous<strong> <span style=\"color: #008080;\">le diaporama du cours<\/span><\/strong> :<\/p>\n<p><object width=\"600\" height=\"450\" classid=\"clsid:d27cdb6e-ae6d-11cf-96b8-444553540000\" codebase=\"http:\/\/download.macromedia.com\/pub\/shockwave\/cabs\/flash\/swflash.cab#version=6,0,40,0\"><param name=\"src\" value=\"http:\/\/histoirencours.fr\/blog\/wp-content\/uploads\/3eme\/Guerre_froide_4.swf\" \/><embed width=\"600\" height=\"450\" type=\"application\/x-shockwave-flash\" src=\"http:\/\/histoirencours.fr\/blog\/wp-content\/uploads\/3eme\/Guerre_froide_4.swf\" \/><\/object><\/p>\n<p>Des images de <span style=\"color: #008080;\">la chute du mur<\/span>.<\/p>\n<p><iframe loading=\"lazy\" src=\"http:\/\/www.youtube.com\/embed\/u8llp1w0LUw\" frameborder=\"0\" width=\"420\" height=\"315\"><\/iframe><\/p>\n<p>Le<span style=\"color: #008080;\"> journal t\u00e9l\u00e9vis\u00e9<\/span> du 11 novembre 1989 deux jours apr\u00e8s\u00a0<span style=\"color: #008080;\">la chute du mur de Berlin<\/span><\/p>\n<p><iframe loading=\"lazy\" src=\"http:\/\/www.youtube.com\/embed\/Awsn9sNKUxs\" frameborder=\"0\" width=\"420\" height=\"315\"><\/iframe><\/p>\n<p>Views: 45<\/p>","protected":false},"excerpt":{"rendered":"<p>VivaoPictures \/ Foter Conclusion de ce gros chapitre sur les relations internationales depuis 1945, l&#8217;\u00e9clatement du monde communiste avec la chute du mur de Berlin. &nbsp; Comme d&#8217;habitude, ci-dessous le diaporama du cours : Des images de la chute du &hellip; <a href=\"https:\/\/histoirencours.fr\/blog\/?p=1469\">Continuer la lecture <span class=\"meta-nav\">&rarr;<\/span><\/a><\/p>\n","protected":false},"author":1,"featured_media":0,"comment_status":"open","ping_status":"open","sticky":false,"template":"","format":"standard","meta":{"_monsterinsights_skip_tracking":false,"_monsterinsights_sitenote_active":false,"_monsterinsights_sitenote_note":"","_monsterinsights_sitenote_category":0,"ngg_post_thumbnail":0,"footnotes":""},"categories":[21,3],"tags":[35,138,209,22,201,432],"class_list":["post-1469","post","type-post","status-publish","format-standard","hentry","category-histoire-troisieme","category-troisieme","tag-3eme","tag-berlin","tag-communisme","tag-cours","tag-guerre-froide","tag-histoire"],"aioseo_notices":[],"amp_enabled":true,"_links":{"self":[{"href":"https:\/\/histoirencours.fr\/blog\/index.php?rest_route=\/wp\/v2\/posts\/1469","targetHints":{"allow":["GET"]}}],"collection":[{"href":"https:\/\/histoirencours.fr\/blog\/index.php?rest_route=\/wp\/v2\/posts"}],"about":[{"href":"https:\/\/histoirencours.fr\/blog\/index.php?rest_route=\/wp\/v2\/types\/post"}],"author":[{"embeddable":true,"href":"https:\/\/histoirencours.fr\/blog\/index.php?rest_route=\/wp\/v2\/users\/1"}],"replies":[{"embeddable":true,"href":"https:\/\/histoirencours.fr\/blog\/index.php?rest_route=%2Fwp%2Fv2%2Fcomments&post=1469"}],"version-history":[{"count":3,"href":"https:\/\/histoirencours.fr\/blog\/index.php?rest_route=\/wp\/v2\/posts\/1469\/revisions"}],"predecessor-version":[{"id":1471,"href":"https:\/\/histoirencours.fr\/blog\/index.php?rest_route=\/wp\/v2\/posts\/1469\/revisions\/1471"}],"wp:attachment":[{"href":"https:\/\/histoirencours.fr\/blog\/index.php?rest_route=%2Fwp%2Fv2%2Fmedia&parent=1469"}],"wp:term":[{"taxonomy":"category","embeddable":true,"href":"https:\/\/histoirencours.fr\/blog\/index.php?rest_route=%2Fwp%2Fv2%2Fcategories&post=1469"},{"taxonomy":"post_tag","embeddable":true,"href":"https:\/\/histoirencours.fr\/blog\/index.php?rest_route=%2Fwp%2Fv2%2Ftags&post=1469"}],"curies":[{"name":"wp","href":"https:\/\/api.w.org\/{rel}","templated":true}]}}