{"id":1595,"date":"2013-06-11T17:18:54","date_gmt":"2013-06-11T15:18:54","guid":{"rendered":"http:\/\/histoirencours.fr\/blog\/?p=1595"},"modified":"2013-06-11T17:21:30","modified_gmt":"2013-06-11T15:21:30","slug":"6eme-habiter-le-monde-rural-2","status":"publish","type":"post","link":"https:\/\/histoirencours.fr\/blog\/?p=1595","title":{"rendered":"6\u00e8me : Habiter le monde rural (2)"},"content":{"rendered":"<dl class=\"foter-photo alignleft\" id=\"foter-photo-figure\" style=\"width: 300px; color: #888; position: relative; font-size: 11px; font-family: Arial, Helvetica, sans-serif; overflow: hidden; zoom: 1; padding: 4px; border: 1px solid #DDDDDD; border-radius: 3px 3px 3px 3px;\">\n<dt><img decoding=\"async\" class=\"foter-photo mceItem\" style=\"display: block; width: 100%;\" title=\"savana\" alt=\"\" src=\"http:\/\/histoirencours.fr\/blog\/wp-content\/uploads\/2012\/05\/savana.jpg\" \/><\/dt>\n<dd style=\"padding: 0; margin: 0;\"><span style=\"display: block; float: right;\"><a href=\"http:\/\/www.flickr.com\/photos\/94323057@N00\/\">aeruginosa<\/a> \/ <a title=\"Foter\" href=\"http:\/\/foter.com\/\">Foter<\/a><\/span><\/dd>\n<\/dl>\n<p>La deuxi\u00e8me \u00e9tude de cas de ce chapitre est tr\u00e8s diff\u00e9rente de la premi\u00e8re puisqu&#8217;elle nous a emmen\u00e9 <strong><span style=\"color: #ff0000;\">dans la savane africaine pour y \u00e9tudier un paysage rural traditionnel.<\/span><\/strong><\/p>\n<p>&nbsp;<\/p>\n<p>&nbsp;<\/p>\n<p>&nbsp;<\/p>\n<p><strong><span style=\"color: #008080;\">Voici le diaporama de cette s\u00e9ance<\/span><\/strong><\/p>\n<p><object width=\"600\" height=\"450\" classid=\"clsid:d27cdb6e-ae6d-11cf-96b8-444553540000\" codebase=\"http:\/\/download.macromedia.com\/pub\/shockwave\/cabs\/flash\/swflash.cab#version=6,0,40,0\"><param name=\"src\" value=\"http:\/\/histoirencours.fr\/blog\/wp-content\/uploads\/6eme\/Habiter_monde_rural (2)\" \/><embed width=\"600\" height=\"450\" type=\"application\/x-shockwave-flash\" src=\"http:\/\/histoirencours.fr\/blog\/wp-content\/uploads\/6eme\/Habiter_monde_rural (2)\" \/><\/object><\/p>\n<p>L&#8217;\u00e9mission de France 2, <strong><span style=\"color: #008080;\">Rendez-vous en terre inconnue,<\/span><\/strong> en mai 2012, a emmen\u00e9 Zabou chez un peuple rural \u00e9thiopien. Retrouvez des photos, vid\u00e9os et textes sur ce peuple sur le site de l&#8217;\u00e9mission <a href=\"http:\/\/programmes.france2.fr\/rendez-vous-en-terre-inconnue\/index.php?page=article&amp;numsite=8944&amp;id_rubrique=8948&amp;id_article=32782\" target=\"_blank\">ici<\/a>.<\/p>\n<p>Pour illustrer ce th\u00e8me, des images d&#8217;un film, <em>La vie sur terre<\/em>, et surtout une magnifique chanson d&#8217;un artiste africain : <span style=\"color: #008080;\"><em>Folon<\/em> de Salif Keita<\/span>.<\/p>\n<p><iframe loading=\"lazy\" src=\"http:\/\/www.youtube.com\/embed\/eAZF_uKqxtQ\" height=\"315\" width=\"420\" frameborder=\"0\"><\/iframe><\/p>\n<p>Views: 68<\/p>","protected":false},"excerpt":{"rendered":"<p>aeruginosa \/ Foter La deuxi\u00e8me \u00e9tude de cas de ce chapitre est tr\u00e8s diff\u00e9rente de la premi\u00e8re puisqu&#8217;elle nous a emmen\u00e9 dans la savane africaine pour y \u00e9tudier un paysage rural traditionnel. &nbsp; &nbsp; &nbsp; Voici le diaporama de cette &hellip; <a href=\"https:\/\/histoirencours.fr\/blog\/?p=1595\">Continuer la lecture <span class=\"meta-nav\">&rarr;<\/span><\/a><\/p>\n","protected":false},"author":1,"featured_media":0,"comment_status":"open","ping_status":"open","sticky":false,"template":"","format":"standard","meta":{"_monsterinsights_skip_tracking":false,"_monsterinsights_sitenote_active":false,"_monsterinsights_sitenote_note":"","_monsterinsights_sitenote_category":0,"ngg_post_thumbnail":0,"footnotes":""},"categories":[11,5],"tags":[40,225,22,433,211,222],"class_list":["post-1595","post","type-post","status-publish","format-standard","hentry","category-geographie","category-sixieme","tag-6eme","tag-afrique","tag-cours","tag-geographie","tag-habiter","tag-monde-rural"],"aioseo_notices":[],"amp_enabled":true,"_links":{"self":[{"href":"https:\/\/histoirencours.fr\/blog\/index.php?rest_route=\/wp\/v2\/posts\/1595","targetHints":{"allow":["GET"]}}],"collection":[{"href":"https:\/\/histoirencours.fr\/blog\/index.php?rest_route=\/wp\/v2\/posts"}],"about":[{"href":"https:\/\/histoirencours.fr\/blog\/index.php?rest_route=\/wp\/v2\/types\/post"}],"author":[{"embeddable":true,"href":"https:\/\/histoirencours.fr\/blog\/index.php?rest_route=\/wp\/v2\/users\/1"}],"replies":[{"embeddable":true,"href":"https:\/\/histoirencours.fr\/blog\/index.php?rest_route=%2Fwp%2Fv2%2Fcomments&post=1595"}],"version-history":[{"count":6,"href":"https:\/\/histoirencours.fr\/blog\/index.php?rest_route=\/wp\/v2\/posts\/1595\/revisions"}],"predecessor-version":[{"id":1597,"href":"https:\/\/histoirencours.fr\/blog\/index.php?rest_route=\/wp\/v2\/posts\/1595\/revisions\/1597"}],"wp:attachment":[{"href":"https:\/\/histoirencours.fr\/blog\/index.php?rest_route=%2Fwp%2Fv2%2Fmedia&parent=1595"}],"wp:term":[{"taxonomy":"category","embeddable":true,"href":"https:\/\/histoirencours.fr\/blog\/index.php?rest_route=%2Fwp%2Fv2%2Fcategories&post=1595"},{"taxonomy":"post_tag","embeddable":true,"href":"https:\/\/histoirencours.fr\/blog\/index.php?rest_route=%2Fwp%2Fv2%2Ftags&post=1595"}],"curies":[{"name":"wp","href":"https:\/\/api.w.org\/{rel}","templated":true}]}}