{"id":1610,"date":"2013-06-11T17:19:26","date_gmt":"2013-06-11T15:19:26","guid":{"rendered":"http:\/\/histoirencours.fr\/blog\/?p=1610"},"modified":"2013-06-11T17:22:22","modified_gmt":"2013-06-11T15:22:22","slug":"6eme-habiter-le-monde-rural-3","status":"publish","type":"post","link":"https:\/\/histoirencours.fr\/blog\/?p=1610","title":{"rendered":"6\u00e8me : Habiter le monde rural (3)"},"content":{"rendered":"<p><img loading=\"lazy\" decoding=\"async\" class=\"alignleft\" alt=\"Woinic dans la belle campagne\" src=\"http:\/\/www.cg08.fr\/var\/plain\/storage\/images\/news\/woinic\/woinic_et_le_08_08_08_retour_sur_une_semaine_de_reve\/l_epopee_fantastique_de_woinic\/2eme_etape_renwez_signy_l_abbaye\/woinic_dans_la_belle_campagne\/410954-2-fre-FR\/woinic_dans_la_belle_campagne_imagelarge.jpg\" width=\"360\" height=\"261\" \/>Derni\u00e8re partie de ce chapitre de G\u00e9ographie, <strong><span style=\"color: #ff0000;\">Habiter le monde rural. R\u00e9sum\u00e9 de la vari\u00e9t\u00e9 de la vie dans les campagnes<\/span><\/strong> de la plan\u00e8te.<\/p>\n<p>&nbsp;<\/p>\n<p>La campagne ardennaise ; source de l&#8217;image : <a href=\"http:\/\/www.cg08.fr\/Archives\/2009\/Woinic\/Woinic-et-le-08-08-08-retour-sur-une-semaine-de-reve\/L-epopee-fantastique-de-Woinic\/2eme-etape-Renwez-Signy-l-Abbaye\/Woinic-dans-la-belle-campagne\" target=\"_blank\">cg08.fr<\/a><\/p>\n<p>&nbsp;<\/p>\n<p><strong><span style=\"color: #008080;\">Le diaporama de la le\u00e7on<\/span><\/strong><\/p>\n<p><object width=\"600\" height=\"450\" classid=\"clsid:d27cdb6e-ae6d-11cf-96b8-444553540000\" codebase=\"http:\/\/download.macromedia.com\/pub\/shockwave\/cabs\/flash\/swflash.cab#version=6,0,40,0\"><param name=\"src\" value=\"http:\/\/histoirencours.fr\/blog\/wp-content\/uploads\/6eme\/Habiter_monde_rural%20(3).swf\" \/><embed width=\"600\" height=\"450\" type=\"application\/x-shockwave-flash\" src=\"http:\/\/histoirencours.fr\/blog\/wp-content\/uploads\/6eme\/Habiter_monde_rural%20(3).swf\" \/><\/object><\/p>\n<p>Views: 154<\/p>","protected":false},"excerpt":{"rendered":"<p>Derni\u00e8re partie de ce chapitre de G\u00e9ographie, Habiter le monde rural. R\u00e9sum\u00e9 de la vari\u00e9t\u00e9 de la vie dans les campagnes de la plan\u00e8te. &nbsp; La campagne ardennaise ; source de l&#8217;image : cg08.fr &nbsp; Le diaporama de la le\u00e7on &hellip; <a href=\"https:\/\/histoirencours.fr\/blog\/?p=1610\">Continuer la lecture <span class=\"meta-nav\">&rarr;<\/span><\/a><\/p>\n","protected":false},"author":1,"featured_media":0,"comment_status":"open","ping_status":"open","sticky":false,"template":"","format":"standard","meta":{"_monsterinsights_skip_tracking":false,"_monsterinsights_sitenote_active":false,"_monsterinsights_sitenote_note":"","_monsterinsights_sitenote_category":0,"ngg_post_thumbnail":0,"footnotes":""},"categories":[11,5],"tags":[40,22,433,211,222],"class_list":["post-1610","post","type-post","status-publish","format-standard","hentry","category-geographie","category-sixieme","tag-6eme","tag-cours","tag-geographie","tag-habiter","tag-monde-rural"],"aioseo_notices":[],"amp_enabled":true,"_links":{"self":[{"href":"https:\/\/histoirencours.fr\/blog\/index.php?rest_route=\/wp\/v2\/posts\/1610","targetHints":{"allow":["GET"]}}],"collection":[{"href":"https:\/\/histoirencours.fr\/blog\/index.php?rest_route=\/wp\/v2\/posts"}],"about":[{"href":"https:\/\/histoirencours.fr\/blog\/index.php?rest_route=\/wp\/v2\/types\/post"}],"author":[{"embeddable":true,"href":"https:\/\/histoirencours.fr\/blog\/index.php?rest_route=\/wp\/v2\/users\/1"}],"replies":[{"embeddable":true,"href":"https:\/\/histoirencours.fr\/blog\/index.php?rest_route=%2Fwp%2Fv2%2Fcomments&post=1610"}],"version-history":[{"count":3,"href":"https:\/\/histoirencours.fr\/blog\/index.php?rest_route=\/wp\/v2\/posts\/1610\/revisions"}],"predecessor-version":[{"id":1612,"href":"https:\/\/histoirencours.fr\/blog\/index.php?rest_route=\/wp\/v2\/posts\/1610\/revisions\/1612"}],"wp:attachment":[{"href":"https:\/\/histoirencours.fr\/blog\/index.php?rest_route=%2Fwp%2Fv2%2Fmedia&parent=1610"}],"wp:term":[{"taxonomy":"category","embeddable":true,"href":"https:\/\/histoirencours.fr\/blog\/index.php?rest_route=%2Fwp%2Fv2%2Fcategories&post=1610"},{"taxonomy":"post_tag","embeddable":true,"href":"https:\/\/histoirencours.fr\/blog\/index.php?rest_route=%2Fwp%2Fv2%2Ftags&post=1610"}],"curies":[{"name":"wp","href":"https:\/\/api.w.org\/{rel}","templated":true}]}}