{"id":2086,"date":"2014-10-05T16:43:10","date_gmt":"2014-10-05T14:43:10","guid":{"rendered":"http:\/\/histoirencours.fr\/blog\/?p=2086"},"modified":"2020-04-28T14:41:17","modified_gmt":"2020-04-28T12:41:17","slug":"4eme-leurope-des-lumieres-2","status":"publish","type":"post","link":"https:\/\/histoirencours.fr\/blog\/?p=2086","title":{"rendered":"4\u00e8me : L&#8217;Europe des Lumi\u00e8res"},"content":{"rendered":"<div style=\"width: 549px\" class=\"wp-caption aligncenter\"><img loading=\"lazy\" decoding=\"async\" title=\"Verrerie planche 1\" src=\"http:\/\/www.planches.eu\/images\/slides\/VERRERIE1.jpg\" alt=\"\" width=\"539\" height=\"367\"><p class=\"wp-caption-text\">Premi\u00e8re planche (sur 53!) consacr\u00e9e \u00e0 la verrerie dans L&#8217;Encyclop\u00e9die.<\/p><\/div>\n<p>Voici la partie du chapitre consacr\u00e9e&nbsp;&nbsp;\u00e0 la g\u00e9n\u00e9ralisation&nbsp; sur <span style=\"color: #000000;\">l&#8217;Europe des Lumi\u00e8res.<\/span> <strong><span style=\"color: #ff0000;\">Quelle importance ont eu les id\u00e9es des Lumi\u00e8res ?<\/span><\/strong><\/p>\n<p>Pour r\u00e9pondre \u00e0 cette question, nous avons parler bri\u00e8vement des scientifiques de l&#8217;\u00e9poque mais aussi des principaux philosophes fran\u00e7ais du XVIII\u00e8me si\u00e8cle.<\/p>\n<p>(Les \u00e9l\u00e8ves ont \u00e9galement travaill\u00e9 par groupes de deux sur la biographie d&#8217;un savant ou d&#8217;un philosophe des Lumi\u00e8res. Ce travail a \u00e9t\u00e9 fait en salle informatique o\u00f9 ils ont du r\u00e9alis\u00e9 une frise chronologique en ligne avec un site dipity.com, <span style=\"color: #ff0000;\">qui n&#8217;existe plus maintenant<\/span>. Retrouvez bient\u00f4t le travail des \u00e9l\u00e8ves et les consignes qu&#8217;ils ont eues sur ce blog!)<\/p>\n<p><strong><span style=\"color: #008080;\">Voici le diaporama du cours :<\/span><\/strong><\/p>\n<p><object width=\"600\" height=\"450\" classid=\"clsid:d27cdb6e-ae6d-11cf-96b8-444553540000\" codebase=\"http:\/\/download.macromedia.com\/pub\/shockwave\/cabs\/flash\/swflash.cab#version=6,0,40,0\"><param name=\"src\" value=\"http:\/\/histoirencours.fr\/blog\/wp-content\/uploads\/saison%202\/4\u00e8me\/Europe_des_Lumieres.swf\"><embed width=\"600\" height=\"450\" type=\"application\/x-shockwave-flash\" src=\"http:\/\/histoirencours.fr\/blog\/wp-content\/uploads\/saison%202\/4\u00e8me\/Europe_des_Lumieres.swf\"><\/object><\/p>\n<p>En compl\u00e9ment \u00e0 ce chapitre, un site o\u00f9 l\u2019on peut retrouver&nbsp;<a href=\"http:\/\/www.planches.eu\/\" target=\"_blank\" rel=\"noopener noreferrer\">les planches de l\u2019Encyclop\u00e9die<\/a>&nbsp;et un site tr\u00e8s complet de la BNF (Biblioth\u00e8que Nationale de France) sur&nbsp;<a href=\"http:\/\/expositions.bnf.fr\/lumieres\/\" target=\"_blank\" rel=\"noopener noreferrer\">le si\u00e8cle des Lumi\u00e8res<\/a>&nbsp;(en lien avec une exposition).<\/p>\n<p>L&#8217;article consacr\u00e9 \u00e0 <strong><span style=\"color: #008080;\">l&#8217;Encyclop\u00e9die<\/span><\/strong> dans <a href=\"http:\/\/fr.wikipedia.org\/wiki\/Encyclop%C3%A9die_ou_Dictionnaire_raisonn%C3%A9_des_sciences,_des_arts_et_des_m%C3%A9tiers\" target=\"_blank\" rel=\"noopener noreferrer\">Wikipedia<\/a>, avatar num\u00e9rique de ce fabuleux projet de Diderot et d&#8217;Alembert.<\/p>\n<p>Views: 145<\/p>","protected":false},"excerpt":{"rendered":"<p>Voici la partie du chapitre consacr\u00e9e&nbsp;&nbsp;\u00e0 la g\u00e9n\u00e9ralisation&nbsp; sur l&#8217;Europe des Lumi\u00e8res. Quelle importance ont eu les id\u00e9es des Lumi\u00e8res ? Pour r\u00e9pondre \u00e0 cette question, nous avons parler bri\u00e8vement des scientifiques de l&#8217;\u00e9poque mais aussi des principaux philosophes fran\u00e7ais &hellip; <a href=\"https:\/\/histoirencours.fr\/blog\/?p=2086\">Continuer la lecture <span class=\"meta-nav\">&rarr;<\/span><\/a><\/p>\n","protected":false},"author":1,"featured_media":0,"comment_status":"open","ping_status":"open","sticky":false,"template":"","format":"standard","meta":{"_monsterinsights_skip_tracking":false,"_monsterinsights_sitenote_active":false,"_monsterinsights_sitenote_note":"","_monsterinsights_sitenote_category":0,"ngg_post_thumbnail":0,"footnotes":""},"categories":[23,4],"tags":[32,22,305,432,93],"class_list":["post-2086","post","type-post","status-publish","format-standard","hentry","category-histoire-quatrieme","category-quatrieme","tag-4eme","tag-cours","tag-encyclopedie","tag-histoire","tag-lumieres"],"aioseo_notices":[],"amp_enabled":true,"_links":{"self":[{"href":"https:\/\/histoirencours.fr\/blog\/index.php?rest_route=\/wp\/v2\/posts\/2086","targetHints":{"allow":["GET"]}}],"collection":[{"href":"https:\/\/histoirencours.fr\/blog\/index.php?rest_route=\/wp\/v2\/posts"}],"about":[{"href":"https:\/\/histoirencours.fr\/blog\/index.php?rest_route=\/wp\/v2\/types\/post"}],"author":[{"embeddable":true,"href":"https:\/\/histoirencours.fr\/blog\/index.php?rest_route=\/wp\/v2\/users\/1"}],"replies":[{"embeddable":true,"href":"https:\/\/histoirencours.fr\/blog\/index.php?rest_route=%2Fwp%2Fv2%2Fcomments&post=2086"}],"version-history":[{"count":7,"href":"https:\/\/histoirencours.fr\/blog\/index.php?rest_route=\/wp\/v2\/posts\/2086\/revisions"}],"predecessor-version":[{"id":4355,"href":"https:\/\/histoirencours.fr\/blog\/index.php?rest_route=\/wp\/v2\/posts\/2086\/revisions\/4355"}],"wp:attachment":[{"href":"https:\/\/histoirencours.fr\/blog\/index.php?rest_route=%2Fwp%2Fv2%2Fmedia&parent=2086"}],"wp:term":[{"taxonomy":"category","embeddable":true,"href":"https:\/\/histoirencours.fr\/blog\/index.php?rest_route=%2Fwp%2Fv2%2Fcategories&post=2086"},{"taxonomy":"post_tag","embeddable":true,"href":"https:\/\/histoirencours.fr\/blog\/index.php?rest_route=%2Fwp%2Fv2%2Ftags&post=2086"}],"curies":[{"name":"wp","href":"https:\/\/api.w.org\/{rel}","templated":true}]}}