{"id":2188,"date":"2012-12-15T09:25:16","date_gmt":"2012-12-15T08:25:16","guid":{"rendered":"http:\/\/histoirencours.fr\/blog\/?p=2188"},"modified":"2012-12-15T09:25:16","modified_gmt":"2012-12-15T08:25:16","slug":"3eme-les-regimes-totalitaires-dans-les-annees-1930-1","status":"publish","type":"post","link":"https:\/\/histoirencours.fr\/blog\/?p=2188","title":{"rendered":"3\u00e8me : Les r\u00e9gimes totalitaires dans les ann\u00e9es 1930 (1)"},"content":{"rendered":"<p><strong><span style=\"color: #ff0000;\"><img loading=\"lazy\" decoding=\"async\" class=\"alignleft\" title=\"Affiche sovi\u00e9tique: &quot;le Grand Timonier nous guide, Staline \u00e0 la barre&quot; (affiche parue en 1937 dans la Pravda)\" src=\"http:\/\/2.bp.blogspot.com\/-abZAD7LG_9I\/TrbwhMTtk7I\/AAAAAAAACmM\/z-om7pDEyJs\/s1600\/grand%2Btimonier.jpg\" alt=\"\" width=\"324\" height=\"221\" \/>Chapitre 4 d&#8217;Histoire, les r\u00e9gimes totalitaires dans les ann\u00e9es 1930.<\/span><\/strong><\/p>\n<p>Comment se sont-ils mis en place et quels sont leurs principales caract\u00e9ristiques ?<\/p>\n<p><strong><span style=\"color: #ff0000;\">La premi\u00e8re partie est consacr\u00e9e au r\u00e9gime sovi\u00e9tique.\u00a0<\/span><\/strong><\/p>\n<p>Tout d&#8217;abord, le diaporama sur <strong><span style=\"color: #008080;\">la mise en place du r\u00e9gime par L\u00e9nine<\/span><\/strong><\/p>\n<p><object width=\"600\" height=\"450\" classid=\"clsid:d27cdb6e-ae6d-11cf-96b8-444553540000\" codebase=\"http:\/\/download.macromedia.com\/pub\/shockwave\/cabs\/flash\/swflash.cab#version=6,0,40,0\"><param name=\"src\" value=\"http:\/\/histoirencours.fr\/blog\/wp-content\/uploads\/saison%202\/3\u00e8me\/3H4%20(1).swf\" \/><embed width=\"600\" height=\"450\" type=\"application\/x-shockwave-flash\" src=\"http:\/\/histoirencours.fr\/blog\/wp-content\/uploads\/saison%202\/3\u00e8me\/3H4%20(1).swf\" \/><\/object><\/p>\n<p>Ensuite, celui sur <strong><span style=\"color: #008080;\">l&#8217;Etat totalitaire sous Staline<\/span><\/strong><\/p>\n<p><strong><\/strong>\u00a0<object width=\"600\" height=\"450\" classid=\"clsid:d27cdb6e-ae6d-11cf-96b8-444553540000\" codebase=\"http:\/\/download.macromedia.com\/pub\/shockwave\/cabs\/flash\/swflash.cab#version=6,0,40,0\"><param name=\"src\" value=\"http:\/\/histoirencours.fr\/blog\/wp-content\/uploads\/saison%202\/3\u00e8me\/3H4%20(2).swf\" \/><embed width=\"600\" height=\"450\" type=\"application\/x-shockwave-flash\" src=\"http:\/\/histoirencours.fr\/blog\/wp-content\/uploads\/saison%202\/3\u00e8me\/3H4%20(2).swf\" \/><\/object><\/p>\n<p>Retrouvez ces deux diaporamas en pdf \u00e0 t\u00e9l\u00e9charger <a href=\"http:\/\/histoirencours.fr\/blog\/wp-content\/uploads\/saison%202\/3\u00e8me\/3H4%20URSS%20(1).pdf\" target=\"_blank\">ici<\/a> et <a href=\"http:\/\/histoirencours.fr\/blog\/wp-content\/uploads\/saison%202\/3\u00e8me\/3H4%20URSS%20(2).pdf\" target=\"_blank\">l\u00e0<\/a>.<\/p>\n<p>Pour le cours nous avons regard\u00e9 en classe plusieurs extraits du documentaire<span style=\"color: #ff0000;\">\u00a0Staline, le tyran rouge,<\/span> diffus\u00e9 par M6 en 2007. Vous pouvez le retrouver en int\u00e9gral ci-dessous. Les images ont \u00e9t\u00e9 coloris\u00e9es pour le documentaire, mais elles ont \u00e9t\u00e9 tourn\u00e9es en noir et blanc.<\/p>\n<p><iframe loading=\"lazy\" src=\"http:\/\/www.youtube.com\/embed\/3s2DM7bVeaQ\" frameborder=\"0\" width=\"480\" height=\"360\"><\/iframe><\/p>\n<p>Voici quelques<span style=\"color: #ff0000;\"> films sovi\u00e9tiques<\/span> datant de <span style=\"color: #ff0000;\">l&#8217;\u00e9poque de Staline<\/span> et reprenant ce qu&#8217;on &#8216;est en train de voir en classe. Ils \u00a0sont extraits du <span style=\"color: #0000ff;\"><a href=\"http:\/\/www.ina.fr\/fresques\/jalons\/carte\/\" target=\"_blank\">site de l&#8217;INA : Jalons pour l&#8217;Histoire du temps pr\u00e9sent.<\/a>\u00a0<span style=\"color: #000000;\">Les explications sont visibles sur le site. En effet, ce sont des films de <span style=\"color: #ff0000;\">propagande<\/span>&#8230;<\/span><\/span><\/p>\n<p>Le premier sur <span style=\"color: #800000;\">Stakhanov<\/span> :<\/p>\n<p><iframe loading=\"lazy\" src=\"http:\/\/www.ina.fr\/fresques\/jalons\/export\/player-exportable\/InaEdu02041\/petit\/4e8cb04d53da9\/d63dd15c3cfb753631176b521f094acf\" frameborder=\"0\" marginwidth=\"0\" marginheight=\"0\" scrolling=\"no\" width=\"320\" height=\"321\"><\/iframe><\/p>\n<p>Le second sur la <span style=\"color: #800000;\">collectivisation<\/span> :<\/p>\n<p><iframe loading=\"lazy\" src=\"http:\/\/www.ina.fr\/fresques\/jalons\/export\/player-exportable\/InaEdu02040\/petit\/4e8cb1b5488e2\/c11805ed7604faa3e0950d2fe96d2637\" frameborder=\"0\" marginwidth=\"0\" marginheight=\"0\" scrolling=\"no\" width=\"320\" height=\"321\"><\/iframe><\/p>\n<p><img loading=\"lazy\" decoding=\"async\" class=\"alignleft\" src=\"http:\/\/lapropagandestalinienne.l.a.pic.centerblog.net\/\/ant882th.jpg\" alt=\"\" width=\"111\" height=\"133\" \/>Nous avons vu en classe l&#8217;importance de <span style=\"color: #ff0000;\">la propagande dans l&#8217;URSS de Staline<\/span><span style=\"color: #ff0000;\">.\u00a0<\/span><\/p>\n<p>Quelques exemples suppl\u00e9mentaires <span style=\"color: #ff0000;\">en vid\u00e9os<\/span> :<\/p>\n<p>Une <span style=\"color: #008080;\">parade militaire<\/span> en 1937 \u00e0 Moscou :<\/p>\n<p><iframe loading=\"lazy\" src=\"http:\/\/www.ina.fr\/fresques\/jalons\/export\/player-exportable\/InaEdu02029\/petit\/4e945e30925b5\/85bcb8a26de8801daad48de2280c26fc\" frameborder=\"0\" marginwidth=\"0\" marginheight=\"0\" scrolling=\"no\" width=\"320\" height=\"321\"><\/iframe><\/p>\n<p>Un site entier consacr\u00e9 \u00e0 <span style=\"color: #008080;\">la propagande stalinienne<\/span> et notamment \u00e0 l&#8217;explication d&#8217;affiches :\u00a0<a href=\"http:\/\/lapropagandestalinienne.centerblog.net\/rub-Propagande-stalinienne.html\">http:\/\/lapropagandestalinienne.centerblog.net\/rub-Propagande-stalinienne.html<\/a><\/p>\n<p>Un extrait de <span style=\"color: #008080;\">La ligne g\u00e9n\u00e9rale, film d&#8217;Eisenstein<\/span>\u00a0de 1929 qui c\u00e9l\u00e8bre le d\u00e9veloppement de l&#8217;URSS communiste en d\u00e9montrant la r\u00e9ussite de la collectivisation avec ce sc\u00e9nario : des paysans pauvres qui vivent mieux apr\u00e8s la collectivisation.<\/p>\n<div><object id=\"wat_3108584\" width=\"480\" height=\"270\" classid=\"clsid:d27cdb6e-ae6d-11cf-96b8-444553540000\" codebase=\"http:\/\/download.macromedia.com\/pub\/shockwave\/cabs\/flash\/swflash.cab#version=6,0,40,0\"><param name=\"allowFullScreen\" value=\"true\" \/><param name=\"allowScriptAccess\" value=\"always\" \/><param name=\"src\" value=\"http:\/\/www.wat.tv\/swf2\/108590nIc0K113108584\" \/><param name=\"allowscriptaccess\" value=\"always\" \/><param name=\"allowfullscreen\" value=\"true\" \/><embed id=\"wat_3108584\" width=\"480\" height=\"270\" type=\"application\/x-shockwave-flash\" src=\"http:\/\/www.wat.tv\/swf2\/108590nIc0K113108584\" allowFullScreen=\"true\" allowScriptAccess=\"always\" allowscriptaccess=\"always\" allowfullscreen=\"true\" \/><\/object><\/div>\n<div class=\"watlinks\" style=\"width: 480px; font-size: 11px; background: #CCCCCC; padding: 2px 0 4px 0; text-align: center;\"><a class=\"waturl\" title=\"Vid\u00e9o ligne generale 2 sur wat.tv\" href=\"http:\/\/www.wat.tv\/video\/ligne-generale-1umlk_2iq4x_.html\" target=\"_blank\"><strong>ligne generale 2<\/strong><\/a> Vid\u00e9o <a class=\"waturl altuser\" title=\"Retrouvez toutes les vid\u00e9os Histgeocndp_ob sur wat.tv\" href=\"http:\/\/www.wat.tv\/Histgeocndp_ob\">Histgeocndp_ob<\/a> s\u00e9lectionn\u00e9e dans <a class=\"waturl alttheme\" title=\"Toutes les vid\u00e9os Musique sont sur wat.tv\" href=\"http:\/\/www.wat.tv\/guide\/musique\">Musique<\/a><\/div>\n<p>Un lien vers un <span style=\"color: #008080;\">reportage de 1953 sur la mort de Staline<\/span> (noter les commentaires \u00e9logieux du journaliste fran\u00e7ais de l&#8217;\u00e9poque) :<\/p>\n<p><a href=\"http:\/\/www.ina.fr\/fresques\/jalons\/liste\/recherche\/lieux\/ll\/URSS#2-9-date-desc\">http:\/\/www.ina.fr\/fresques\/jalons\/liste\/recherche\/lieux\/ll\/URSS#2-9-date-desc<\/a><\/p>\n<p>Pas directement en rapport avec la propagande, mais int\u00e9ressant quand m\u00eame un lien vers un article qui pr\u00e9sente <span style=\"color: #008080;\">Ossip Mandelstam<\/span>,\u00a0un po\u00e8te mort pour avoir \u00e9crit un po\u00e8me contre Staline :<\/p>\n<p><a href=\"http:\/\/horslesmurs.ning.com\/profiles\/blogs\/staline-et-la-poesie-rencontre#\" target=\"_blank\">http:\/\/horslesmurs.ning.com\/profiles\/blogs\/staline-et-la-poesie-rencontre#<\/a><\/p>\n<p>Lien vers un article racontant <span style=\"color: #008080;\">l&#8217;histoire de l&#8217;hymne sovi\u00e9tique<\/span> par l&#8217;<a href=\"http:\/\/lhistgeobox.blogspot.com\/2009\/09\/les-hymnes-ont-une-histoire-2-lhymne.html?showComment=1253124993366#c65813920325056716\" target=\"_blank\">Histg\u00e9obox<\/a>.<\/p>\n<p>Views: 136<\/p>","protected":false},"excerpt":{"rendered":"<p>Chapitre 4 d&#8217;Histoire, les r\u00e9gimes totalitaires dans les ann\u00e9es 1930. Comment se sont-ils mis en place et quels sont leurs principales caract\u00e9ristiques ? La premi\u00e8re partie est consacr\u00e9e au r\u00e9gime sovi\u00e9tique.\u00a0 Tout d&#8217;abord, le diaporama sur la mise en place &hellip; <a href=\"https:\/\/histoirencours.fr\/blog\/?p=2188\">Continuer la lecture <span class=\"meta-nav\">&rarr;<\/span><\/a><\/p>\n","protected":false},"author":1,"featured_media":0,"comment_status":"open","ping_status":"open","sticky":false,"template":"","format":"standard","meta":{"_monsterinsights_skip_tracking":false,"_monsterinsights_sitenote_active":false,"_monsterinsights_sitenote_note":"","_monsterinsights_sitenote_category":0,"ngg_post_thumbnail":0,"footnotes":""},"categories":[21,3],"tags":[35,22,432,279,83,326,68,67],"class_list":["post-2188","post","type-post","status-publish","format-standard","hentry","category-histoire-troisieme","category-troisieme","tag-3eme","tag-cours","tag-histoire","tag-lenine","tag-propagande","tag-regimes-totalitaires","tag-staline","tag-urss"],"aioseo_notices":[],"amp_enabled":true,"_links":{"self":[{"href":"https:\/\/histoirencours.fr\/blog\/index.php?rest_route=\/wp\/v2\/posts\/2188","targetHints":{"allow":["GET"]}}],"collection":[{"href":"https:\/\/histoirencours.fr\/blog\/index.php?rest_route=\/wp\/v2\/posts"}],"about":[{"href":"https:\/\/histoirencours.fr\/blog\/index.php?rest_route=\/wp\/v2\/types\/post"}],"author":[{"embeddable":true,"href":"https:\/\/histoirencours.fr\/blog\/index.php?rest_route=\/wp\/v2\/users\/1"}],"replies":[{"embeddable":true,"href":"https:\/\/histoirencours.fr\/blog\/index.php?rest_route=%2Fwp%2Fv2%2Fcomments&post=2188"}],"version-history":[{"count":3,"href":"https:\/\/histoirencours.fr\/blog\/index.php?rest_route=\/wp\/v2\/posts\/2188\/revisions"}],"predecessor-version":[{"id":2959,"href":"https:\/\/histoirencours.fr\/blog\/index.php?rest_route=\/wp\/v2\/posts\/2188\/revisions\/2959"}],"wp:attachment":[{"href":"https:\/\/histoirencours.fr\/blog\/index.php?rest_route=%2Fwp%2Fv2%2Fmedia&parent=2188"}],"wp:term":[{"taxonomy":"category","embeddable":true,"href":"https:\/\/histoirencours.fr\/blog\/index.php?rest_route=%2Fwp%2Fv2%2Fcategories&post=2188"},{"taxonomy":"post_tag","embeddable":true,"href":"https:\/\/histoirencours.fr\/blog\/index.php?rest_route=%2Fwp%2Fv2%2Ftags&post=2188"}],"curies":[{"name":"wp","href":"https:\/\/api.w.org\/{rel}","templated":true}]}}