{"id":2285,"date":"2013-01-22T11:24:43","date_gmt":"2013-01-22T10:24:43","guid":{"rendered":"http:\/\/histoirencours.fr\/blog\/?p=2285"},"modified":"2013-01-22T11:24:43","modified_gmt":"2013-01-22T10:24:43","slug":"3eme-correction-du-controle-sur-les-regimes-totalitaires","status":"publish","type":"post","link":"https:\/\/histoirencours.fr\/blog\/?p=2285","title":{"rendered":"3\u00e8me : Correction du contr\u00f4le sur les r\u00e9gimes totalitaires"},"content":{"rendered":"<p><strong><span style=\"color: #ff0000;\"><a href=\"http:\/\/histoirencours.fr\/blog\/wp-content\/uploads\/2011\/11\/Staline.jpg\"><img loading=\"lazy\" decoding=\"async\" class=\"alignleft size-thumbnail wp-image-728\" alt=\"http:\/\/earthstation1.simplenet.com\" src=\"http:\/\/histoirencours.fr\/blog\/wp-content\/uploads\/2011\/11\/Staline-150x150.jpg\" width=\"150\" height=\"150\" \/><\/a>Voici le contr\u00f4le corrig\u00e9 effectu\u00e9 la semaine derni\u00e8re sur les r\u00e9gimes totalitaires.<\/span><\/strong> Les r\u00e9sultats sont moyens et montrent une compr\u00e9hension incompl\u00e8te des notions importantes du chapitre.<\/p>\n<div style=\"text-align: center;\">\n<div style=\"margin: 8px 0px 4px;\"><a href=\"http:\/\/www.calameo.com\/books\/0006891887182607eb241\" target=\"_blank\">Contr\u00f4le corrig\u00e9 sur les r\u00e9gimes totalitaires en 3\u00e8me<\/a><\/div>\n<p><iframe loading=\"lazy\" style=\"margin: 0 auto;\" src=\"http:\/\/v.calameo.com\/?bkcode=0006891887182607eb241\" height=\"388\" width=\"600\" allowfullscreen=\"\" frameborder=\"0\"><\/iframe><\/p>\n<div style=\"margin: 4px 0px 8px;\"><a href=\"http:\/\/www.calameo.com\/\">Publish at Calameo<\/a> or <a href=\"http:\/\/www.calameo.com\/browse\">read more publications<\/a>.<\/div>\n<\/div>\n<p>Views: 4154<\/p>","protected":false},"excerpt":{"rendered":"<p>Voici le contr\u00f4le corrig\u00e9 effectu\u00e9 la semaine derni\u00e8re sur les r\u00e9gimes totalitaires. Les r\u00e9sultats sont moyens et montrent une compr\u00e9hension incompl\u00e8te des notions importantes du chapitre. Contr\u00f4le corrig\u00e9 sur les r\u00e9gimes totalitaires en 3\u00e8me Publish at Calameo or read more &hellip; <a href=\"https:\/\/histoirencours.fr\/blog\/?p=2285\">Continuer la lecture <span class=\"meta-nav\">&rarr;<\/span><\/a><\/p>\n","protected":false},"author":1,"featured_media":0,"comment_status":"open","ping_status":"open","sticky":false,"template":"","format":"standard","meta":{"_monsterinsights_skip_tracking":false,"_monsterinsights_sitenote_active":false,"_monsterinsights_sitenote_note":"","_monsterinsights_sitenote_category":0,"ngg_post_thumbnail":0,"footnotes":""},"categories":[21,3],"tags":[35,58,69,432,326],"class_list":["post-2285","post","type-post","status-publish","format-standard","hentry","category-histoire-troisieme","category-troisieme","tag-3eme","tag-controle","tag-correction","tag-histoire","tag-regimes-totalitaires"],"aioseo_notices":[],"amp_enabled":true,"_links":{"self":[{"href":"https:\/\/histoirencours.fr\/blog\/index.php?rest_route=\/wp\/v2\/posts\/2285","targetHints":{"allow":["GET"]}}],"collection":[{"href":"https:\/\/histoirencours.fr\/blog\/index.php?rest_route=\/wp\/v2\/posts"}],"about":[{"href":"https:\/\/histoirencours.fr\/blog\/index.php?rest_route=\/wp\/v2\/types\/post"}],"author":[{"embeddable":true,"href":"https:\/\/histoirencours.fr\/blog\/index.php?rest_route=\/wp\/v2\/users\/1"}],"replies":[{"embeddable":true,"href":"https:\/\/histoirencours.fr\/blog\/index.php?rest_route=%2Fwp%2Fv2%2Fcomments&post=2285"}],"version-history":[{"count":2,"href":"https:\/\/histoirencours.fr\/blog\/index.php?rest_route=\/wp\/v2\/posts\/2285\/revisions"}],"predecessor-version":[{"id":2287,"href":"https:\/\/histoirencours.fr\/blog\/index.php?rest_route=\/wp\/v2\/posts\/2285\/revisions\/2287"}],"wp:attachment":[{"href":"https:\/\/histoirencours.fr\/blog\/index.php?rest_route=%2Fwp%2Fv2%2Fmedia&parent=2285"}],"wp:term":[{"taxonomy":"category","embeddable":true,"href":"https:\/\/histoirencours.fr\/blog\/index.php?rest_route=%2Fwp%2Fv2%2Fcategories&post=2285"},{"taxonomy":"post_tag","embeddable":true,"href":"https:\/\/histoirencours.fr\/blog\/index.php?rest_route=%2Fwp%2Fv2%2Ftags&post=2285"}],"curies":[{"name":"wp","href":"https:\/\/api.w.org\/{rel}","templated":true}]}}