{"id":2291,"date":"2016-02-27T10:04:10","date_gmt":"2016-02-27T09:04:10","guid":{"rendered":"http:\/\/histoirencours.fr\/blog\/?p=2291"},"modified":"2016-02-27T10:04:47","modified_gmt":"2016-02-27T09:04:47","slug":"3eme-la-seconde-guerre-mondiale-3-le-genocide","status":"publish","type":"post","link":"https:\/\/histoirencours.fr\/blog\/?p=2291","title":{"rendered":"3\u00e8me : La seconde guerre mondiale (3) &#8211; le g\u00e9nocide"},"content":{"rendered":"<dl id=\"foter-photo-figure\" class=\"foter-photo alignleft\" style=\"width: 300px; color: #888; position: relative; font-size: 11px; font-family: Arial, Helvetica, sans-serif; overflow: hidden; zoom: 1; padding: 4px; border: 1px solid #DDDDDD; border-radius: 3px 3px 3px 3px;\">\n<dt class=\"wp-caption-dt\"><img decoding=\"async\" class=\"foter-photo mceItem\" style=\"border: none; padding: 0px; display: block; width: 100%;\" title=\"Auschwitz-Birkenau - O\u015bwi\u0119cim, Poland\" src=\"http:\/\/photos.foter.com\/110\/auschwitz-birkenau-oswiecim-poland-2_m.jpg\" alt=\"Auschwitz-Birkenau - O\u015bwi\u0119cim, Poland\" \/><\/dt>\n<dd class=\"wp-caption-dd\" style=\"padding: 0; margin: 0;\"><span style=\"display: block; float: right;\"><a href=\"http:\/\/www.flickr.com\/photos\/touncertaintyandbeyond\/4947648153\/\">To Uncertainty And Beyond<\/a> \/ <a href=\"http:\/\/foter.com\">Foter.com<\/a> \/ <a href=\"http:\/\/creativecommons.org\/licenses\/by-nc-nd\/2.0\/\">CC BY-NC-ND<\/a><\/span><\/dd>\n<\/dl>\n<p><strong><span style=\"color: #ff0000;\">Derni\u00e8re partie du chapitre sur la seconde guerre mondiale, le g\u00e9nocide des \u00a0Juifs et des Tziganes montre jusqu&#8217;o\u00f9 va la guerre d&#8217;an\u00e9antissement dans le massacre des civils.\u00a0<\/span><\/strong><\/p>\n<p>Voici <strong><span style=\"color: #ff0000;\">le diaporama<\/span><\/strong> de la le\u00e7on qui s&#8217;appuie beaucoup sur le manuel pour les documents (le livre scolaire) :<\/p>\n<p><iframe loading=\"lazy\" src=\"http:\/\/histoirencours.fr\/blog\/wp-content\/uploads\/saison%202\/3\u00e8me\/3H5%20(3)%20html\/3H5%20(3)%20html.html\" width=\"600\" height=\"450\"><\/iframe><\/p>\n<p><strong><span style=\"color: #008080;\">Le m\u00eame en vid\u00e9o comment\u00e9e :<\/span><\/strong><\/p>\n<p><iframe loading=\"lazy\" src=\"\/\/www.youtube.com\/embed\/EirVeYzaeIc\" width=\"640\" height=\"480\" frameborder=\"0\" allowfullscreen=\"allowfullscreen\"><\/iframe><\/p>\n<p><strong><span style=\"color: #008080;\">Le podcast de cette le\u00e7on :<\/span><\/strong><\/p>\n<p><iframe loading=\"lazy\" src=\"https:\/\/w.soundcloud.com\/player\/?url=https%3A\/\/api.soundcloud.com\/tracks\/132010377&amp;color=ed2e07&amp;auto_play=false&amp;hide_related=false&amp;show_artwork=true\" width=\"100%\" height=\"166\" frameborder=\"no\" scrolling=\"no\"><\/iframe><\/p>\n<p>La version en pdf est <a href=\"http:\/\/histoirencours.fr\/blog\/wp-content\/uploads\/saison%202\/3\u00e8me\/3H5%20(3).pdf\" target=\"_blank\">ici<\/a>.<\/p>\n<p><span style=\"color: #ff0000;\"><strong>Pour aller plus <\/strong><\/span><strong>loin<\/strong> sur ce sujet, il existe de nombreuses ressources pour lesquelles j&#8217;avais fait 3 articles du blog l&#8217;an dernier :<\/p>\n<p>&#8211; celui sur les <span style=\"color: #008080;\">documentaires <\/span><a href=\"http:\/\/histoirencours.fr\/blog\/?p=984\" target=\"_blank\">ici<\/a>\u00a0(dont Nuit et Brouillard que je vous conseille fortement).<\/p>\n<p>&#8211; celui sur les <span style=\"color: #008080;\">films <\/span>de cin\u00e9ma <a href=\"http:\/\/histoirencours.fr\/blog\/?p=986\" target=\"_blank\">l\u00e0<\/a>.<\/p>\n<p>&#8211; En <span style=\"color: #008080;\">vrac<\/span>, livres, BD et autres sites <a href=\"http:\/\/histoirencours.fr\/blog\/?p=990\" target=\"_blank\">ici<\/a>.<\/p>\n<p>&#8211; Si vous aimez les <span style=\"color: #008080;\">mangas<\/span> et que vous \u00eates int\u00e9ress\u00e9s par l&#8217;histoire d&#8217;Anne Franck, jeune hollandaise d\u00e9port\u00e9e et tu\u00e9e en camp dont on a retrouv\u00e9 le journal, vous allez beaucoup aim\u00e9 ce <a href=\"http:\/\/annefrank.arte.tv\/fr\/\" target=\"_blank\">site interactif passionnant<\/a>.<\/p>\n<p><a href=\"http:\/\/histoirencours.fr\/blog\/wp-content\/uploads\/2013\/01\/Anne-Franck-manga.jpg\"><img loading=\"lazy\" decoding=\"async\" class=\"aligncenter size-medium wp-image-2295\" src=\"http:\/\/histoirencours.fr\/blog\/wp-content\/uploads\/2013\/01\/Anne-Franck-manga-300x224.jpg\" alt=\"Anne Franck manga\" width=\"300\" height=\"224\" srcset=\"https:\/\/histoirencours.fr\/blog\/wp-content\/uploads\/2013\/01\/Anne-Franck-manga-300x224.jpg 300w, https:\/\/histoirencours.fr\/blog\/wp-content\/uploads\/2013\/01\/Anne-Franck-manga-1024x765.jpg 1024w, https:\/\/histoirencours.fr\/blog\/wp-content\/uploads\/2013\/01\/Anne-Franck-manga.jpg 1303w\" sizes=\"auto, (max-width: 300px) 100vw, 300px\" \/><\/a><\/p>\n<p>&nbsp;<\/p>\n<p>&#8211; une <span style=\"color: #008080;\">carte interactive<\/span> sur les principaux camps nazis :<\/p>\n<p>http:\/\/edition.cnn.com\/2015\/01\/26\/world\/nazi-death-camps\/<\/p>\n<p>&#8211; Pour finir, un reportage sur les <span style=\"color: #008080;\">Einsatzgruppen<\/span> :<\/p>\n<p><iframe loading=\"lazy\" src=\"http:\/\/www.dailymotion.com\/embed\/video\/x838i9\" width=\"480\" height=\"360\" frameborder=\"0\"><\/iframe><br \/>\n<a href=\"http:\/\/www.dailymotion.com\/video\/x838i9_soir3_news\" target=\"_blank\">Soir3<\/a> <i>par <a href=\"http:\/\/www.dailymotion.com\/minchetrev\" target=\"_blank\">minchetrev<\/a><\/i><\/p>\n<p>Views: 284<\/p>","protected":false},"excerpt":{"rendered":"<p>To Uncertainty And Beyond \/ Foter.com \/ CC BY-NC-ND Derni\u00e8re partie du chapitre sur la seconde guerre mondiale, le g\u00e9nocide des \u00a0Juifs et des Tziganes montre jusqu&#8217;o\u00f9 va la guerre d&#8217;an\u00e9antissement dans le massacre des civils.\u00a0 Voici le diaporama de &hellip; <a href=\"https:\/\/histoirencours.fr\/blog\/?p=2291\">Continuer la lecture <span class=\"meta-nav\">&rarr;<\/span><\/a><\/p>\n","protected":false},"author":1,"featured_media":0,"comment_status":"open","ping_status":"open","sticky":false,"template":"","format":"standard","meta":{"_monsterinsights_skip_tracking":false,"_monsterinsights_sitenote_active":false,"_monsterinsights_sitenote_note":"","_monsterinsights_sitenote_category":0,"ngg_post_thumbnail":0,"footnotes":""},"categories":[21,3],"tags":[35,22,145,432,335,85,336],"class_list":["post-2291","post","type-post","status-publish","format-standard","hentry","category-histoire-troisieme","category-troisieme","tag-3eme","tag-cours","tag-genocide","tag-histoire","tag-juifs","tag-seconde-guerre-mondiale","tag-tziganes"],"aioseo_notices":[],"amp_enabled":true,"_links":{"self":[{"href":"https:\/\/histoirencours.fr\/blog\/index.php?rest_route=\/wp\/v2\/posts\/2291","targetHints":{"allow":["GET"]}}],"collection":[{"href":"https:\/\/histoirencours.fr\/blog\/index.php?rest_route=\/wp\/v2\/posts"}],"about":[{"href":"https:\/\/histoirencours.fr\/blog\/index.php?rest_route=\/wp\/v2\/types\/post"}],"author":[{"embeddable":true,"href":"https:\/\/histoirencours.fr\/blog\/index.php?rest_route=\/wp\/v2\/users\/1"}],"replies":[{"embeddable":true,"href":"https:\/\/histoirencours.fr\/blog\/index.php?rest_route=%2Fwp%2Fv2%2Fcomments&post=2291"}],"version-history":[{"count":8,"href":"https:\/\/histoirencours.fr\/blog\/index.php?rest_route=\/wp\/v2\/posts\/2291\/revisions"}],"predecessor-version":[{"id":3569,"href":"https:\/\/histoirencours.fr\/blog\/index.php?rest_route=\/wp\/v2\/posts\/2291\/revisions\/3569"}],"wp:attachment":[{"href":"https:\/\/histoirencours.fr\/blog\/index.php?rest_route=%2Fwp%2Fv2%2Fmedia&parent=2291"}],"wp:term":[{"taxonomy":"category","embeddable":true,"href":"https:\/\/histoirencours.fr\/blog\/index.php?rest_route=%2Fwp%2Fv2%2Fcategories&post=2291"},{"taxonomy":"post_tag","embeddable":true,"href":"https:\/\/histoirencours.fr\/blog\/index.php?rest_route=%2Fwp%2Fv2%2Ftags&post=2291"}],"curies":[{"name":"wp","href":"https:\/\/api.w.org\/{rel}","templated":true}]}}