{"id":2317,"date":"2016-01-08T08:45:06","date_gmt":"2016-01-08T07:45:06","guid":{"rendered":"http:\/\/histoirencours.fr\/blog\/?p=2317"},"modified":"2016-01-08T08:45:07","modified_gmt":"2016-01-08T07:45:07","slug":"4eme-les-temps-forts-de-la-revolution-1","status":"publish","type":"post","link":"https:\/\/histoirencours.fr\/blog\/?p=2317","title":{"rendered":"4\u00e8me : Les temps forts de la R\u00e9volution (1)"},"content":{"rendered":"<p><strong><span style=\"color: #ff0000;\"><img loading=\"lazy\" decoding=\"async\" class=\"alignleft\" src=\"http:\/\/upload.wikimedia.org\/wikipedia\/commons\/thumb\/a\/a5\/Bastille_Exterior_1790_or_1791.jpg\/280px-Bastille_Exterior_1790_or_1791.jpg\" alt=\"La Bastille, fa\u00e7ade orientale, en 1790 ou 1791\" width=\"280\" height=\"211\" \/>La deuxi\u00e8me partie du programme d\u2019Histoire concerne\u00a0la R\u00e9volution et l\u2019Empire (1789-1815). Trois chapitres y sont consacr\u00e9s. Le premier s\u2019attaque aux\u00a0temps forts de la R\u00e9volution.<\/span><\/strong>\u00a0Son objectif est de montrer les ruptures cr\u00e9\u00e9es par la R\u00e9volution avec la soci\u00e9t\u00e9 monarchique de l\u2019ancien r\u00e9gime. On l&#8217;\u00e9tudie \u00e0 l\u2019aide d\u2019\u00e9v\u00e8nements marquants.<\/p>\n<p><em>La Bastille, fa\u00e7ade orientale, en 1790 ou 1791 (Wikipedia)<\/em><\/p>\n<p>Voici <span style=\"color: #008080;\">la fiche d&#8217;objectifs<\/span> du chapitre \u00e0 t\u00e9l\u00e9charger <a href=\"http:\/\/histoirencours.fr\/blog\/wp-content\/uploads\/saison%202\/4\u00e8me\/4\u00e8me%20H5.docx\" target=\"_blank\">ici<\/a>.<\/p>\n<p>Ci-dessous\u00a0<strong><span style=\"color: #008080;\">le diaporama du cours sur la p\u00e9riode 1789-1791<\/span><\/strong>\u00a0bas\u00e9 sur trois \u00e9v\u00e8nements : le serment du jeu de Paume, la prise de la Bastille et la D\u00e9claration des Droits de l\u2019Homme et du Citoyen.<\/p>\n<p><object width=\"640\" height=\"480\" classid=\"clsid:d27cdb6e-ae6d-11cf-96b8-444553540000\" codebase=\"http:\/\/download.macromedia.com\/pub\/shockwave\/cabs\/flash\/swflash.cab#version=6,0,40,0\"><param name=\"src\" value=\"http:\/\/histoirencours.fr\/blog\/wp-content\/uploads\/saison%203\/4eme\/4H5%20(1).swf\" \/><embed width=\"640\" height=\"480\" type=\"application\/x-shockwave-flash\" src=\"http:\/\/histoirencours.fr\/blog\/wp-content\/uploads\/saison%203\/4eme\/4H5%20(1).swf\" \/><\/object><\/p>\n<p>Le site\u00a0<span style=\"color: #008080;\">L\u2019Histoire par l\u2019image<\/span>\u00a0d\u00e9veloppe l\u2019\u00e9tude de deux des oeuvres vues en classe:<\/p>\n<p><a href=\"http:\/\/www.histoire-image.org\/site\/etude_comp\/etude_comp_detail.php?i=215&amp;d=11&amp;v=1789&amp;w=1789\" target=\"_blank\">le serment du jeu de paume<\/a><\/p>\n<p><a href=\"http:\/\/www.histoire-image.org\/site\/oeuvre\/analyse.php?i=140&amp;d=1&amp;v=1789&amp;w=1789\" target=\"_blank\">la prise de la Bastille.<\/a><\/p>\n<p><span style=\"text-decoration: underline;\"><strong><span style=\"color: #008080; text-decoration: underline;\">Pour aller plus loin :<\/span><\/strong><\/span><\/p>\n<p>Une <span style=\"color: #ff0000;\">BD comment\u00e9e sur le 14 juillet 1789<\/span> en vid\u00e9o (et en trois parties). Plut\u00f4t tr\u00e8s bien faite! (Merci \u00e0\u00a0<a href=\"http:\/\/lewebpedagogique.com\/juleslagneauhg\/\">http:\/\/lewebpedagogique.com\/juleslagneauhg\/<\/a>\u00a0pour l&#8217;info).<\/p>\n<p><iframe loading=\"lazy\" src=\"http:\/\/www.youtube.com\/embed\/Yjrw1koSh9c\" width=\"560\" height=\"315\" frameborder=\"0\"><\/iframe><br \/>\n<iframe loading=\"lazy\" src=\"http:\/\/www.youtube.com\/embed\/76xp3WzP590\" width=\"560\" height=\"315\" frameborder=\"0\"><\/iframe><\/p>\n<p><iframe loading=\"lazy\" src=\"http:\/\/www.youtube.com\/embed\/VX9k_ZAPkmc\" width=\"560\" height=\"315\" frameborder=\"0\"><\/iframe><\/p>\n<p>Views: 412<\/p>","protected":false},"excerpt":{"rendered":"<p>La deuxi\u00e8me partie du programme d\u2019Histoire concerne\u00a0la R\u00e9volution et l\u2019Empire (1789-1815). Trois chapitres y sont consacr\u00e9s. Le premier s\u2019attaque aux\u00a0temps forts de la R\u00e9volution.\u00a0Son objectif est de montrer les ruptures cr\u00e9\u00e9es par la R\u00e9volution avec la soci\u00e9t\u00e9 monarchique de l\u2019ancien &hellip; <a href=\"https:\/\/histoirencours.fr\/blog\/?p=2317\">Continuer la lecture <span class=\"meta-nav\">&rarr;<\/span><\/a><\/p>\n","protected":false},"author":1,"featured_media":0,"comment_status":"open","ping_status":"open","sticky":false,"template":"","format":"standard","meta":{"_monsterinsights_skip_tracking":false,"_monsterinsights_sitenote_active":false,"_monsterinsights_sitenote_note":"","_monsterinsights_sitenote_category":0,"ngg_post_thumbnail":0,"footnotes":""},"categories":[4],"tags":[32,150,22,432,147],"class_list":["post-2317","post","type-post","status-publish","format-standard","hentry","category-quatrieme","tag-4eme","tag-bastille","tag-cours","tag-histoire","tag-revolution"],"aioseo_notices":[],"amp_enabled":true,"_links":{"self":[{"href":"https:\/\/histoirencours.fr\/blog\/index.php?rest_route=\/wp\/v2\/posts\/2317","targetHints":{"allow":["GET"]}}],"collection":[{"href":"https:\/\/histoirencours.fr\/blog\/index.php?rest_route=\/wp\/v2\/posts"}],"about":[{"href":"https:\/\/histoirencours.fr\/blog\/index.php?rest_route=\/wp\/v2\/types\/post"}],"author":[{"embeddable":true,"href":"https:\/\/histoirencours.fr\/blog\/index.php?rest_route=\/wp\/v2\/users\/1"}],"replies":[{"embeddable":true,"href":"https:\/\/histoirencours.fr\/blog\/index.php?rest_route=%2Fwp%2Fv2%2Fcomments&post=2317"}],"version-history":[{"count":9,"href":"https:\/\/histoirencours.fr\/blog\/index.php?rest_route=\/wp\/v2\/posts\/2317\/revisions"}],"predecessor-version":[{"id":3557,"href":"https:\/\/histoirencours.fr\/blog\/index.php?rest_route=\/wp\/v2\/posts\/2317\/revisions\/3557"}],"wp:attachment":[{"href":"https:\/\/histoirencours.fr\/blog\/index.php?rest_route=%2Fwp%2Fv2%2Fmedia&parent=2317"}],"wp:term":[{"taxonomy":"category","embeddable":true,"href":"https:\/\/histoirencours.fr\/blog\/index.php?rest_route=%2Fwp%2Fv2%2Fcategories&post=2317"},{"taxonomy":"post_tag","embeddable":true,"href":"https:\/\/histoirencours.fr\/blog\/index.php?rest_route=%2Fwp%2Fv2%2Ftags&post=2317"}],"curies":[{"name":"wp","href":"https:\/\/api.w.org\/{rel}","templated":true}]}}