{"id":2366,"date":"2016-01-17T14:45:22","date_gmt":"2016-01-17T13:45:22","guid":{"rendered":"http:\/\/histoirencours.fr\/blog\/?p=2366"},"modified":"2016-01-17T14:45:39","modified_gmt":"2016-01-17T13:45:39","slug":"3eme-la-republique-de-lentre-deux-guerres-1","status":"publish","type":"post","link":"https:\/\/histoirencours.fr\/blog\/?p=2366","title":{"rendered":"3\u00e8me : La R\u00e9publique de l&#8217;entre-deux-guerres (1)"},"content":{"rendered":"<p><strong><span style=\"color: #ff0000;\"><img loading=\"lazy\" decoding=\"async\" class=\"alignleft\" src=\"http:\/\/lelivrescolaire.fr\/upload\/emilie_bret\/p16kai1k3i1l101so4p2818ej1frn1.jpg\" alt=\"\" width=\"178\" height=\"240\" \/>Le 6\u00e8me chapitre de l&#8217; ann\u00e9e en Histoire nous fait revenir en arri\u00e8re pour nous int\u00e9resser \u00e0\u00a0La R\u00e9publique de l&#8217;entre-deux-guerres : victorieuse et fragilis\u00e9e.<\/span><\/strong><\/p>\n<p>La premi\u00e8re partie \u00e9tait consacr\u00e9e \u00e0 <span style=\"color: #ff0000;\">la p\u00e9riode qui va de la guerre \u00e0 la paix entre 1917 et 1920.<\/span> Nous y avons parl\u00e9 surtout de l&#8217;apr\u00e8s-guerre et du congr\u00e8s de Tours. (Je conc\u00e8de d&#8217;ailleurs bien volontiers que cette le\u00e7on n&#8217;est ni la plus facile ni la plus enthousiasmante de l&#8217;ann\u00e9e&#8230; \ud83d\ude42<\/p>\n<p>Voici la <strong><span style=\"color: #008080;\">fiche d&#8217;objectifs<\/span><\/strong> du chapitre t\u00e9l\u00e9chargeable <a href=\"http:\/\/histoirencours.fr\/blog\/wp-content\/uploads\/saison%203\/3eme\/3\u00e8me%20H10%20objectifs.docx\" target=\"_blank\">ici<\/a>.<\/p>\n<p>Voici le <strong><span style=\"color: #008080;\">diaporama<\/span> <\/strong>de la le\u00e7on en Flash.<\/p>\n<p><object width=\"640\" height=\"480\" classid=\"clsid:d27cdb6e-ae6d-11cf-96b8-444553540000\" codebase=\"http:\/\/download.macromedia.com\/pub\/shockwave\/cabs\/flash\/swflash.cab#version=6,0,40,0\"><param name=\"src\" value=\"http:\/\/histoirencours.fr\/blog\/wp-content\/uploads\/saison%203\/3eme\/3H10%20(1).swf\" \/><embed width=\"640\" height=\"480\" type=\"application\/x-shockwave-flash\" src=\"http:\/\/histoirencours.fr\/blog\/wp-content\/uploads\/saison%203\/3eme\/3H10%20(1).swf\" \/><\/object><\/p>\n<p>Un petit reportage sur <strong><span style=\"color: #008080;\">Cl\u00e9menceau<\/span><\/strong>\u00a0ici :<\/p>\n<p><iframe loading=\"lazy\" src=\"http:\/\/player.ina.fr\/player\/embed\/CPF08008746\/1\/1b0bd203fbcd702f9bc9b10ac3d0fc21\/560\/315\/0\/148db8\" width=\"560\" height=\"315\" frameborder=\"0\" marginwidth=\"0\" marginheight=\"0\" scrolling=\"no\"><\/iframe><\/p>\n<p>Le reportage sur le <strong>Congr\u00e8s de Tours vu en classe<\/strong>\u00a0(un peu complexe en effet!) :<\/p>\n<p><iframe loading=\"lazy\" src=\"http:\/\/player.ina.fr\/player\/embed\/CAA8001912601\/1\/1b0bd203fbcd702f9bc9b10ac3d0fc21\/560\/315\/0\/148db8\" width=\"560\" height=\"315\" frameborder=\"0\" marginwidth=\"0\" marginheight=\"0\" scrolling=\"no\"><\/iframe><\/p>\n<p>La biographie de Cl\u00e9menceau sur Wikipedia <a href=\"http:\/\/fr.wikipedia.org\/wiki\/Georges_Clemenceau\" target=\"_blank\">ici<\/a>\u00a0et sur Herodote.net <a href=\"http:\/\/www.herodote.net\/Georges_Clemenceau_1841_1929_-synthese-205.php\" target=\"_blank\">l\u00e0<\/a>.<\/p>\n<p>Views: 230<\/p>","protected":false},"excerpt":{"rendered":"<p>Le 6\u00e8me chapitre de l&#8217; ann\u00e9e en Histoire nous fait revenir en arri\u00e8re pour nous int\u00e9resser \u00e0\u00a0La R\u00e9publique de l&#8217;entre-deux-guerres : victorieuse et fragilis\u00e9e. La premi\u00e8re partie \u00e9tait consacr\u00e9e \u00e0 la p\u00e9riode qui va de la guerre \u00e0 la paix &hellip; <a href=\"https:\/\/histoirencours.fr\/blog\/?p=2366\">Continuer la lecture <span class=\"meta-nav\">&rarr;<\/span><\/a><\/p>\n","protected":false},"author":1,"featured_media":0,"comment_status":"open","ping_status":"open","sticky":false,"template":"","format":"standard","meta":{"_monsterinsights_skip_tracking":false,"_monsterinsights_sitenote_active":false,"_monsterinsights_sitenote_note":"","_monsterinsights_sitenote_category":0,"ngg_post_thumbnail":0,"footnotes":""},"categories":[21,3],"tags":[35,348,349,22,347,432],"class_list":["post-2366","post","type-post","status-publish","format-standard","hentry","category-histoire-troisieme","category-troisieme","tag-3eme","tag-clemenceau","tag-congres-de-tours","tag-cours","tag-entre-deux-guerres","tag-histoire"],"aioseo_notices":[],"amp_enabled":true,"_links":{"self":[{"href":"https:\/\/histoirencours.fr\/blog\/index.php?rest_route=\/wp\/v2\/posts\/2366","targetHints":{"allow":["GET"]}}],"collection":[{"href":"https:\/\/histoirencours.fr\/blog\/index.php?rest_route=\/wp\/v2\/posts"}],"about":[{"href":"https:\/\/histoirencours.fr\/blog\/index.php?rest_route=\/wp\/v2\/types\/post"}],"author":[{"embeddable":true,"href":"https:\/\/histoirencours.fr\/blog\/index.php?rest_route=\/wp\/v2\/users\/1"}],"replies":[{"embeddable":true,"href":"https:\/\/histoirencours.fr\/blog\/index.php?rest_route=%2Fwp%2Fv2%2Fcomments&post=2366"}],"version-history":[{"count":5,"href":"https:\/\/histoirencours.fr\/blog\/index.php?rest_route=\/wp\/v2\/posts\/2366\/revisions"}],"predecessor-version":[{"id":3559,"href":"https:\/\/histoirencours.fr\/blog\/index.php?rest_route=\/wp\/v2\/posts\/2366\/revisions\/3559"}],"wp:attachment":[{"href":"https:\/\/histoirencours.fr\/blog\/index.php?rest_route=%2Fwp%2Fv2%2Fmedia&parent=2366"}],"wp:term":[{"taxonomy":"category","embeddable":true,"href":"https:\/\/histoirencours.fr\/blog\/index.php?rest_route=%2Fwp%2Fv2%2Fcategories&post=2366"},{"taxonomy":"post_tag","embeddable":true,"href":"https:\/\/histoirencours.fr\/blog\/index.php?rest_route=%2Fwp%2Fv2%2Ftags&post=2366"}],"curies":[{"name":"wp","href":"https:\/\/api.w.org\/{rel}","templated":true}]}}