{"id":2375,"date":"2015-02-12T19:02:51","date_gmt":"2015-02-12T18:02:51","guid":{"rendered":"http:\/\/histoirencours.fr\/blog\/?p=2375"},"modified":"2015-02-12T19:01:57","modified_gmt":"2015-02-12T18:01:57","slug":"4eme-droit-et-justice-en-france","status":"publish","type":"post","link":"https:\/\/histoirencours.fr\/blog\/?p=2375","title":{"rendered":"4\u00e8me : Droit et justice en France"},"content":{"rendered":"<dl id=\"foter-photo-figure\" class=\"wp-caption foter-photo alignleft\" style=\"width: 300px; color: #888; position: relative; font-size: 11px; font-family: Arial, Helvetica, sans-serif; overflow: hidden; zoom: 1; padding: 4px; border: 1px solid #DDDDDD; border-radius: 3px 3px 3px 3px;\">\n<dt class=\"wp-caption-dt\"><img decoding=\"async\" class=\"foter-photo mceItem\" style=\"border: none; padding: 0; display: block; width: 100%;\" title=\"Justice\" src=\"http:\/\/photos.foter.com\/132\/justice-10_m.jpg\" alt=\"Justice\" \/><\/dt>\n<dd class=\"wp-caption-dd\" style=\"padding: 0; margin: 0;\"><span style=\"display: block; float: right;\"><a href=\"http:\/\/www.flickr.com\/photos\/johnlinwood\/352842329\/\">John Linwood<\/a> \/ <a href=\"http:\/\/foter.com\">Foter.com<\/a> \/ <a href=\"http:\/\/creativecommons.org\/licenses\/by-nc-sa\/2.0\/\">CC BY-NC-SA<\/a><\/span><\/dd>\n<\/dl>\n<p><strong><span style=\"color: #ff0000;\">Le deuxi\u00e8me th\u00e8me de l&#8217;ann\u00e9e en Education civique concerne le droit et la justice en France. J&#8217;ai d\u00e9cid\u00e9 de regroupe les 3 chapitres sur ce th\u00e8me en un seul.<\/span><\/strong><\/p>\n<p>Ce chapitre va en fait \u00eatre r\u00e9alis\u00e9 essentiellement par les \u00e9l\u00e8ves. En effet, nous avons\u00a0rapidement \u00e9tudi\u00e9 la partie un peu complexe des principes de la justice et de son organisation g\u00e9n\u00e9rale pour ensuite faire <strong><span style=\"color: #008080;\">des expos\u00e9s<\/span><\/strong>.<\/p>\n<p>&nbsp;<\/p>\n<p>Voici <strong><span style=\"color: #008080;\">le diaporama du cours<\/span><\/strong> utilis\u00e9 en classe (merci \u00e0 l&#8217;excellent prof du blog <a href=\"http:\/\/histoiresansparole.free.fr\/\" target=\"_blank\">Histoire sans parole<\/a> pour certains documents et id\u00e9es utilis\u00e9s).<\/p>\n<p><object width=\"600\" height=\"450\" classid=\"clsid:d27cdb6e-ae6d-11cf-96b8-444553540000\" codebase=\"http:\/\/download.macromedia.com\/pub\/shockwave\/cabs\/flash\/swflash.cab#version=6,0,40,0\"><param name=\"src\" value=\"http:\/\/histoirencours.fr\/blog\/wp-content\/uploads\/saison%202\/4\u00e8me\/4EC2_justice.swf\" \/><embed width=\"600\" height=\"450\" type=\"application\/x-shockwave-flash\" src=\"http:\/\/histoirencours.fr\/blog\/wp-content\/uploads\/saison%202\/4\u00e8me\/4EC2_justice.swf\" \/><\/object><\/p>\n<p>La <strong><span style=\"color: #008080;\">trace \u00e9crite<\/span><\/strong> du cours est t\u00e9l\u00e9chargeable <a href=\"http:\/\/histoirencours.fr\/blog\/wp-content\/uploads\/saison%202\/4\u00e8me\/4EC2_trace_ecrite.docx\" target=\"_blank\">ici<\/a>.<\/p>\n<p>Pour un r\u00e9sum\u00e9 sur<strong><span style=\"color: #008080;\"> le fonctionnement de la justice en France<\/span><\/strong>, regardez cette vid\u00e9o du minist\u00e8re de la justice :<\/p>\n<p><iframe loading=\"lazy\" src=\"http:\/\/www.dailymotion.com\/embed\/video\/xhshwl\" width=\"480\" height=\"270\" frameborder=\"0\"><\/iframe><br \/>\n<a href=\"http:\/\/www.dailymotion.com\/video\/xhshwl_presentation-de-l-organisation-de-la-justice-en-france_news\" target=\"_blank\">Pr\u00e9sentation de l&#8217;organisation de la Justice en&#8230;<\/a> <i>par <a href=\"http:\/\/www.dailymotion.com\/Ministere_de_la_Justice\" target=\"_blank\">Ministere_de_la_Justice<\/a><\/i><\/p>\n<p>Pour les expos\u00e9s sur le th\u00e8me de la justice, voici<strong><span style=\"color: #008080;\"> les consignes<\/span><\/strong> \u00e0 lire <a href=\"http:\/\/histoirencours.fr\/blog\/wp-content\/uploads\/saison%202\/4\u00e8me\/Consignes_exposes.pdf\" target=\"_blank\">ici<\/a>.<\/p>\n<p>Ci-dessous, <strong><span style=\"color: #008080;\">le mur de liens<\/span><\/strong> pour aider \u00e0 faire l&#8217;expos\u00e9.<\/p>\n<p><iframe loading=\"lazy\" style=\"padding: 0; margin: 0; border: none;\" src=\"http:\/\/padlet.com\/embed\/f3peu867jq\" width=\"100%\" height=\"480\" frameborder=\"0\"><\/iframe><\/p>\n<div style=\"border-top: 2px solid #a7d23a; padding: 8px; margin: 0; font-size: 12px; text-align: right;\"><a style=\"color: #41555f; text-decoration: none;\" href=\"http:\/\/padlet.com\">Created with Padlet<img decoding=\"async\" style=\"margin: 0 0 0 10px; padding: 0; border: none; width: 16px; height: 16px;\" src=\"http:\/\/padlet.com\/favicon.ico\" alt=\"\" \/><\/a><\/div>\n<p>Views: 332<\/p>","protected":false},"excerpt":{"rendered":"<p>John Linwood \/ Foter.com \/ CC BY-NC-SA Le deuxi\u00e8me th\u00e8me de l&#8217;ann\u00e9e en Education civique concerne le droit et la justice en France. J&#8217;ai d\u00e9cid\u00e9 de regroupe les 3 chapitres sur ce th\u00e8me en un seul. Ce chapitre va en &hellip; <a href=\"https:\/\/histoirencours.fr\/blog\/?p=2375\">Continuer la lecture <span class=\"meta-nav\">&rarr;<\/span><\/a><\/p>\n","protected":false},"author":1,"featured_media":0,"comment_status":"open","ping_status":"open","sticky":false,"template":"","format":"standard","meta":{"_monsterinsights_skip_tracking":false,"_monsterinsights_sitenote_active":false,"_monsterinsights_sitenote_note":"","_monsterinsights_sitenote_category":0,"ngg_post_thumbnail":0,"footnotes":""},"categories":[182,4],"tags":[32,353,434,271,117,352],"class_list":["post-2375","post","type-post","status-publish","format-standard","hentry","category-education-civique-quatrieme","category-quatrieme","tag-4eme","tag-droit","tag-education-civique","tag-expose","tag-france","tag-justice"],"aioseo_notices":[],"amp_enabled":true,"_links":{"self":[{"href":"https:\/\/histoirencours.fr\/blog\/index.php?rest_route=\/wp\/v2\/posts\/2375","targetHints":{"allow":["GET"]}}],"collection":[{"href":"https:\/\/histoirencours.fr\/blog\/index.php?rest_route=\/wp\/v2\/posts"}],"about":[{"href":"https:\/\/histoirencours.fr\/blog\/index.php?rest_route=\/wp\/v2\/types\/post"}],"author":[{"embeddable":true,"href":"https:\/\/histoirencours.fr\/blog\/index.php?rest_route=\/wp\/v2\/users\/1"}],"replies":[{"embeddable":true,"href":"https:\/\/histoirencours.fr\/blog\/index.php?rest_route=%2Fwp%2Fv2%2Fcomments&post=2375"}],"version-history":[{"count":5,"href":"https:\/\/histoirencours.fr\/blog\/index.php?rest_route=\/wp\/v2\/posts\/2375\/revisions"}],"predecessor-version":[{"id":3578,"href":"https:\/\/histoirencours.fr\/blog\/index.php?rest_route=\/wp\/v2\/posts\/2375\/revisions\/3578"}],"wp:attachment":[{"href":"https:\/\/histoirencours.fr\/blog\/index.php?rest_route=%2Fwp%2Fv2%2Fmedia&parent=2375"}],"wp:term":[{"taxonomy":"category","embeddable":true,"href":"https:\/\/histoirencours.fr\/blog\/index.php?rest_route=%2Fwp%2Fv2%2Fcategories&post=2375"},{"taxonomy":"post_tag","embeddable":true,"href":"https:\/\/histoirencours.fr\/blog\/index.php?rest_route=%2Fwp%2Fv2%2Ftags&post=2375"}],"curies":[{"name":"wp","href":"https:\/\/api.w.org\/{rel}","templated":true}]}}