{"id":2482,"date":"2015-06-10T22:16:22","date_gmt":"2015-06-10T20:16:22","guid":{"rendered":"http:\/\/histoirencours.fr\/blog\/?p=2482"},"modified":"2015-06-10T22:16:38","modified_gmt":"2015-06-10T20:16:38","slug":"3eme-la-vie-democratique-2","status":"publish","type":"post","link":"https:\/\/histoirencours.fr\/blog\/?p=2482","title":{"rendered":"3\u00e8me : La vie d\u00e9mocratique (2)"},"content":{"rendered":"<p><strong><span style=\"color: #ff0000;\"><img loading=\"lazy\" decoding=\"async\" class=\"alignleft\" title=\"http:\/\/mw2.google.com\/mw-panoramio\/photos\/medium\/14201398.jpg\" src=\"http:\/\/mw2.google.com\/mw-panoramio\/photos\/medium\/14201398.jpg\" alt=\"\" width=\"300\" height=\"225\" \/>Apr\u00e8s les institutions de la R\u00e9publique, la deuxi\u00e8me partie de ce chapitre nous emm\u00e8ne visiter le mille-feuille des collectivit\u00e9s territoriales fran\u00e7aises avec un cours sur la d\u00e9centralisation.<\/span><\/strong><\/p>\n<p>Le diaporama qui a servi de support pour le cours est \u00e0 d\u00e9guster ci-dessous en Flash, accompagn\u00e9 de son jumeau en <a href=\"http:\/\/histoirencours.fr\/blog\/wp-content\/uploads\/saison%202\/3\u00e8me\/3EC2%20(2).pdf\" target=\"_blank\">pdf<\/a>.<\/p>\n<p><object width=\"600\" height=\"450\" classid=\"clsid:d27cdb6e-ae6d-11cf-96b8-444553540000\" codebase=\"http:\/\/download.macromedia.com\/pub\/shockwave\/cabs\/flash\/swflash.cab#version=6,0,40,0\"><param name=\"src\" value=\"http:\/\/histoirencours.fr\/blog\/wp-content\/uploads\/saison%202\/3\u00e8me\/3EC2%20(2).swf\" \/><embed width=\"600\" height=\"450\" type=\"application\/x-shockwave-flash\" src=\"http:\/\/histoirencours.fr\/blog\/wp-content\/uploads\/saison%202\/3\u00e8me\/3EC2%20(2).swf\" \/><\/object><\/p>\n<p>La fiche compl\u00e9t\u00e9e en classe est t\u00e9l\u00e9chargeable <a href=\"http:\/\/histoirencours.fr\/blog\/wp-content\/uploads\/saison%202\/3\u00e8me\/3EC2%20fiche%20d\u00e9centralisation.docx\" target=\"_blank\">ici<\/a>.<\/p>\n<p>Pour ne pas risquer l&#8217;indigestion, je fais dans la sobri\u00e9t\u00e9 en n&#8217;ajoutant rien d&#8217;autre!<\/p>\n<p>Views: 204<\/p>","protected":false},"excerpt":{"rendered":"<p>Apr\u00e8s les institutions de la R\u00e9publique, la deuxi\u00e8me partie de ce chapitre nous emm\u00e8ne visiter le mille-feuille des collectivit\u00e9s territoriales fran\u00e7aises avec un cours sur la d\u00e9centralisation. Le diaporama qui a servi de support pour le cours est \u00e0 d\u00e9guster &hellip; <a href=\"https:\/\/histoirencours.fr\/blog\/?p=2482\">Continuer la lecture <span class=\"meta-nav\">&rarr;<\/span><\/a><\/p>\n","protected":false},"author":1,"featured_media":0,"comment_status":"open","ping_status":"open","sticky":false,"template":"","format":"standard","meta":{"_monsterinsights_skip_tracking":false,"_monsterinsights_sitenote_active":false,"_monsterinsights_sitenote_note":"","_monsterinsights_sitenote_category":0,"ngg_post_thumbnail":0,"footnotes":""},"categories":[120,3],"tags":[35,372,22,434,362,361],"class_list":["post-2482","post","type-post","status-publish","format-standard","hentry","category-education-civique-troisieme","category-troisieme","tag-3eme","tag-collectivites-territoriales","tag-cours","tag-education-civique","tag-vie-democratique","tag-vie-politique"],"aioseo_notices":[],"amp_enabled":true,"_links":{"self":[{"href":"https:\/\/histoirencours.fr\/blog\/index.php?rest_route=\/wp\/v2\/posts\/2482","targetHints":{"allow":["GET"]}}],"collection":[{"href":"https:\/\/histoirencours.fr\/blog\/index.php?rest_route=\/wp\/v2\/posts"}],"about":[{"href":"https:\/\/histoirencours.fr\/blog\/index.php?rest_route=\/wp\/v2\/types\/post"}],"author":[{"embeddable":true,"href":"https:\/\/histoirencours.fr\/blog\/index.php?rest_route=\/wp\/v2\/users\/1"}],"replies":[{"embeddable":true,"href":"https:\/\/histoirencours.fr\/blog\/index.php?rest_route=%2Fwp%2Fv2%2Fcomments&post=2482"}],"version-history":[{"count":5,"href":"https:\/\/histoirencours.fr\/blog\/index.php?rest_route=\/wp\/v2\/posts\/2482\/revisions"}],"predecessor-version":[{"id":3658,"href":"https:\/\/histoirencours.fr\/blog\/index.php?rest_route=\/wp\/v2\/posts\/2482\/revisions\/3658"}],"wp:attachment":[{"href":"https:\/\/histoirencours.fr\/blog\/index.php?rest_route=%2Fwp%2Fv2%2Fmedia&parent=2482"}],"wp:term":[{"taxonomy":"category","embeddable":true,"href":"https:\/\/histoirencours.fr\/blog\/index.php?rest_route=%2Fwp%2Fv2%2Fcategories&post=2482"},{"taxonomy":"post_tag","embeddable":true,"href":"https:\/\/histoirencours.fr\/blog\/index.php?rest_route=%2Fwp%2Fv2%2Ftags&post=2482"}],"curies":[{"name":"wp","href":"https:\/\/api.w.org\/{rel}","templated":true}]}}