{"id":2649,"date":"2016-04-01T10:42:24","date_gmt":"2016-04-01T08:42:24","guid":{"rendered":"http:\/\/histoirencours.fr\/blog\/?p=2649"},"modified":"2016-04-07T10:36:08","modified_gmt":"2016-04-07T08:36:08","slug":"3eme-lorganisation-du-territoire-francais-1","status":"publish","type":"post","link":"https:\/\/histoirencours.fr\/blog\/?p=2649","title":{"rendered":"3\u00e8me : L&#8217;organisation du territoire fran\u00e7ais (1)"},"content":{"rendered":"<p><img loading=\"lazy\" decoding=\"async\" class=\"alignleft\" src=\"http:\/\/www.imagebase.net\/var\/albums\/City-88911873\/IMG_1996%20copy.jpg?m=1364161922\" alt=\"\" width=\"202\" height=\"302\" \/><strong><span style=\"color: #ff0000;\">Le chapitre 3 de G\u00e9o concerne encore la France mais il s&#8217;int\u00e9resse \u00e0 l&#8217;organisation de son territoire. La premi\u00e8re partie d\u00e9velopp\u00e9e dans cet article concerne l&#8217;agglom\u00e9ration parisienne.<\/span><\/strong><\/p>\n<p>&nbsp;<\/p>\n<p>&nbsp;<\/p>\n<p>&nbsp;<\/p>\n<p>Le diaporama de la le\u00e7on ci-dessous :<\/p>\n<p><object width=\"600\" height=\"450\" classid=\"clsid:d27cdb6e-ae6d-11cf-96b8-444553540000\" codebase=\"http:\/\/download.macromedia.com\/pub\/shockwave\/cabs\/flash\/swflash.cab#version=6,0,40,0\"><param name=\"src\" value=\"http:\/\/histoirencours.fr\/blog\/wp-content\/uploads\/saison%202\/3\u00e8me\/3G5%20(1).swf\" \/><embed width=\"600\" height=\"450\" type=\"application\/x-shockwave-flash\" src=\"http:\/\/histoirencours.fr\/blog\/wp-content\/uploads\/saison%202\/3\u00e8me\/3G5%20(1).swf\" \/><\/object><\/p>\n<p>La fiche compl\u00e9t\u00e9e par les \u00e9l\u00e8ves est <a href=\"http:\/\/histoirencours.fr\/blog\/wp-content\/uploads\/saison%202\/3\u00e8me\/schema%20Paris.docx\" target=\"_blank\">ici<\/a>.<\/p>\n<p>Views: 3638<\/p>","protected":false},"excerpt":{"rendered":"<p>Le chapitre 3 de G\u00e9o concerne encore la France mais il s&#8217;int\u00e9resse \u00e0 l&#8217;organisation de son territoire. La premi\u00e8re partie d\u00e9velopp\u00e9e dans cet article concerne l&#8217;agglom\u00e9ration parisienne. &nbsp; &nbsp; &nbsp; Le diaporama de la le\u00e7on ci-dessous : La fiche compl\u00e9t\u00e9e &hellip; <a href=\"https:\/\/histoirencours.fr\/blog\/?p=2649\">Continuer la lecture <span class=\"meta-nav\">&rarr;<\/span><\/a><\/p>\n","protected":false},"author":1,"featured_media":0,"comment_status":"open","ping_status":"open","sticky":false,"template":"","format":"standard","meta":{"_monsterinsights_skip_tracking":false,"_monsterinsights_sitenote_active":false,"_monsterinsights_sitenote_note":"","_monsterinsights_sitenote_category":0,"ngg_post_thumbnail":0,"footnotes":""},"categories":[171,3],"tags":[35,389,22,117,433,212],"class_list":["post-2649","post","type-post","status-publish","format-standard","hentry","category-geographie-troisieme","category-troisieme","tag-3eme","tag-agglomeration","tag-cours","tag-france","tag-geographie","tag-paris"],"aioseo_notices":[],"amp_enabled":true,"_links":{"self":[{"href":"https:\/\/histoirencours.fr\/blog\/index.php?rest_route=\/wp\/v2\/posts\/2649","targetHints":{"allow":["GET"]}}],"collection":[{"href":"https:\/\/histoirencours.fr\/blog\/index.php?rest_route=\/wp\/v2\/posts"}],"about":[{"href":"https:\/\/histoirencours.fr\/blog\/index.php?rest_route=\/wp\/v2\/types\/post"}],"author":[{"embeddable":true,"href":"https:\/\/histoirencours.fr\/blog\/index.php?rest_route=\/wp\/v2\/users\/1"}],"replies":[{"embeddable":true,"href":"https:\/\/histoirencours.fr\/blog\/index.php?rest_route=%2Fwp%2Fv2%2Fcomments&post=2649"}],"version-history":[{"count":4,"href":"https:\/\/histoirencours.fr\/blog\/index.php?rest_route=\/wp\/v2\/posts\/2649\/revisions"}],"predecessor-version":[{"id":3761,"href":"https:\/\/histoirencours.fr\/blog\/index.php?rest_route=\/wp\/v2\/posts\/2649\/revisions\/3761"}],"wp:attachment":[{"href":"https:\/\/histoirencours.fr\/blog\/index.php?rest_route=%2Fwp%2Fv2%2Fmedia&parent=2649"}],"wp:term":[{"taxonomy":"category","embeddable":true,"href":"https:\/\/histoirencours.fr\/blog\/index.php?rest_route=%2Fwp%2Fv2%2Fcategories&post=2649"},{"taxonomy":"post_tag","embeddable":true,"href":"https:\/\/histoirencours.fr\/blog\/index.php?rest_route=%2Fwp%2Fv2%2Ftags&post=2649"}],"curies":[{"name":"wp","href":"https:\/\/api.w.org\/{rel}","templated":true}]}}