{"id":2656,"date":"2016-04-01T14:53:59","date_gmt":"2016-04-01T12:53:59","guid":{"rendered":"http:\/\/histoirencours.fr\/blog\/?p=2656"},"modified":"2016-04-07T10:37:04","modified_gmt":"2016-04-07T08:37:04","slug":"3eme-lorganisation-du-territoire-francais-2","status":"publish","type":"post","link":"https:\/\/histoirencours.fr\/blog\/?p=2656","title":{"rendered":"3\u00e8me : L\u2019organisation du territoire fran\u00e7ais (2)"},"content":{"rendered":"<dl id=\"foter-photo-figure\" class=\"foter-photo alignleft\" style=\"width: 300px; color: #888; position: relative; font-size: 11px; font-family: Arial, Helvetica, sans-serif; overflow: hidden; zoom: 1; padding: 4px; border: 1px solid #DDDDDD; border-radius: 3px 3px 3px 3px;\">\n<dt class=\"wp-caption-dt\"><img decoding=\"async\" class=\"foter-photo mceItem\" style=\"border: none; padding: 0px; display: block; width: 100%;\" title=\"The Millau Viaduct\" src=\"http:\/\/histoirencours.fr\/blog\/wp-content\/uploads\/2013\/05\/the-millau-viaduct-1.jpg\" alt=\"The Millau Viaduct\" \/><\/dt>\n<dd class=\"wp-caption-dd\" style=\"padding: 0; margin: 0;\"><span style=\"display: block; float: right;\"><a href=\"http:\/\/www.flickr.com\/photos\/faceme\/2714080880\/\">FaceMePLS<\/a> \/ <a href=\"http:\/\/foter.com\">Foter.com<\/a> \/ <a href=\"http:\/\/creativecommons.org\/licenses\/by\/2.0\/\">CC BY<\/a><\/span><\/dd>\n<\/dl>\n<p>Deuxi\u00e8me et troisi\u00e8me\u00a0parties de ce chapitre : <strong><span style=\"color: #ff0000;\">les contrastes territoriaux du territoire fran\u00e7ais et l&#8217;int\u00e9gration de la France aux r\u00e9seaux europ\u00e9ens.<\/span><\/strong><\/p>\n<p>Cette explication aboutit \u00e0<strong><span style=\"color: #ff0000;\"> un croquis de l&#8217;organisation du territoire.<\/span><\/strong><\/p>\n<p><strong><span style=\"color: #ff0000;\">\u00a0<\/span><\/strong><\/p>\n<p><strong><span style=\"color: #008080;\">Le diaporama de la le\u00e7on :<\/span><\/strong><\/p>\n<p><object data=\"http:\/\/histoirencours.fr\/blog\/wp-content\/uploads\/saison%203\/3eme\/3G4%20(2).swf\" type=\"application\/x-shockwave-flash\" width=\"620\" height=\"480\"><\/object><\/p>\n<p>Le croquis vierge est tir\u00e9 du H\u00e2tier et se trouve\u00a0<a href=\"http:\/\/histoirencours.fr\/blog\/wp-content\/uploads\/saison%202\/3\u00e8me\/croquis%20vierge.docx\" target=\"_blank\">ici<\/a>.<\/p>\n<p>Views: 243<\/p>","protected":false},"excerpt":{"rendered":"<p>FaceMePLS \/ Foter.com \/ CC BY Deuxi\u00e8me et troisi\u00e8me\u00a0parties de ce chapitre : les contrastes territoriaux du territoire fran\u00e7ais et l&#8217;int\u00e9gration de la France aux r\u00e9seaux europ\u00e9ens. Cette explication aboutit \u00e0 un croquis de l&#8217;organisation du territoire. \u00a0 Le diaporama &hellip; <a href=\"https:\/\/histoirencours.fr\/blog\/?p=2656\">Continuer la lecture <span class=\"meta-nav\">&rarr;<\/span><\/a><\/p>\n","protected":false},"author":1,"featured_media":0,"comment_status":"open","ping_status":"open","sticky":false,"template":"","format":"standard","meta":{"_monsterinsights_skip_tracking":false,"_monsterinsights_sitenote_active":false,"_monsterinsights_sitenote_note":"","_monsterinsights_sitenote_category":0,"ngg_post_thumbnail":0,"footnotes":""},"categories":[171,3],"tags":[35,393,22,117,433,300],"class_list":["post-2656","post","type-post","status-publish","format-standard","hentry","category-geographie-troisieme","category-troisieme","tag-3eme","tag-contrastes","tag-cours","tag-france","tag-geographie","tag-territoire"],"aioseo_notices":[],"amp_enabled":true,"_links":{"self":[{"href":"https:\/\/histoirencours.fr\/blog\/index.php?rest_route=\/wp\/v2\/posts\/2656","targetHints":{"allow":["GET"]}}],"collection":[{"href":"https:\/\/histoirencours.fr\/blog\/index.php?rest_route=\/wp\/v2\/posts"}],"about":[{"href":"https:\/\/histoirencours.fr\/blog\/index.php?rest_route=\/wp\/v2\/types\/post"}],"author":[{"embeddable":true,"href":"https:\/\/histoirencours.fr\/blog\/index.php?rest_route=\/wp\/v2\/users\/1"}],"replies":[{"embeddable":true,"href":"https:\/\/histoirencours.fr\/blog\/index.php?rest_route=%2Fwp%2Fv2%2Fcomments&post=2656"}],"version-history":[{"count":5,"href":"https:\/\/histoirencours.fr\/blog\/index.php?rest_route=\/wp\/v2\/posts\/2656\/revisions"}],"predecessor-version":[{"id":3762,"href":"https:\/\/histoirencours.fr\/blog\/index.php?rest_route=\/wp\/v2\/posts\/2656\/revisions\/3762"}],"wp:attachment":[{"href":"https:\/\/histoirencours.fr\/blog\/index.php?rest_route=%2Fwp%2Fv2%2Fmedia&parent=2656"}],"wp:term":[{"taxonomy":"category","embeddable":true,"href":"https:\/\/histoirencours.fr\/blog\/index.php?rest_route=%2Fwp%2Fv2%2Fcategories&post=2656"},{"taxonomy":"post_tag","embeddable":true,"href":"https:\/\/histoirencours.fr\/blog\/index.php?rest_route=%2Fwp%2Fv2%2Ftags&post=2656"}],"curies":[{"name":"wp","href":"https:\/\/api.w.org\/{rel}","templated":true}]}}