{"id":2712,"date":"2013-06-18T18:06:00","date_gmt":"2013-06-18T16:06:00","guid":{"rendered":"http:\/\/histoirencours.fr\/blog\/?p=2712"},"modified":"2013-06-18T18:06:50","modified_gmt":"2013-06-18T16:06:50","slug":"3eme-la-france-et-lunion-europeenne","status":"publish","type":"post","link":"https:\/\/histoirencours.fr\/blog\/?p=2712","title":{"rendered":"3\u00e8me : La France et l&#8217;Union europ\u00e9enne"},"content":{"rendered":"<dl class=\"foter-photo alignleft\" id=\"foter-photo-figure\" style=\"width: 300px; color: #888; position: relative; font-size: 11px; font-family: Arial, Helvetica, sans-serif; overflow: hidden; zoom: 1; padding: 4px; border: 1px solid #DDDDDD; border-radius: 3px 3px 3px 3px;\">\n<dt><img decoding=\"async\" class=\"foter-photo mceItem\" style=\"display: block; width: 100%;\" title=\"Ariane-5 Expanded Fairing\" alt=\"\" src=\"http:\/\/histoirencours.fr\/blog\/wp-content\/uploads\/2012\/06\/ariane-5-expanded-fairing.jpg\" \/><\/dt>\n<dd style=\"padding: 0; margin: 0;\"><span style=\"display: block; float: right;\"><a href=\"http:\/\/www.flickr.com\/photos\/67783375@N00\/\">FlyingSinger<\/a> \/ <a title=\"Foter\" href=\"http:\/\/foter.com\/\">Foter<\/a><\/span><\/dd>\n<\/dl>\n<p><span style=\"color: #ff0000;\">Petite compilation personnelle des chapitres 6, 7 et 9 du programme de G\u00e9ographie qui sont fortement en lien les uns avec les autres. Faut bien finir le programme!<\/span><\/p>\n<p>Ci-contre, un symbole des r\u00e9ussites technologiques de l&#8217;Europe avec la fus\u00e9e Ariane. En esp\u00e9rant qu&#8217;elle vous emm\u00e8ne au sommet de la r\u00e9ussite fin juin&#8230;<\/p>\n<p>&nbsp;<\/p>\n<p>Pour d\u00e9buter, <strong><span style=\"color: #ff0000;\">la premi\u00e8re partie s&#8217;int\u00e9resse \u00e0 l&#8217;UE, une union d&#8217;Etats.<\/span><\/strong><\/p>\n<p><span style=\"color: #008080;\">Voici le diaporama (chapitre 6 du programme)<\/span><\/p>\n<p><object width=\"600\" height=\"450\" classid=\"clsid:d27cdb6e-ae6d-11cf-96b8-444553540000\" codebase=\"http:\/\/download.macromedia.com\/pub\/shockwave\/cabs\/flash\/swflash.cab#version=6,0,40,0\"><param name=\"src\" value=\"http:\/\/histoirencours.fr\/blog\/wp-content\/uploads\/saison%202\/3\u00e8me\/3G6.swf\" \/><embed width=\"600\" height=\"450\" type=\"application\/x-shockwave-flash\" src=\"http:\/\/histoirencours.fr\/blog\/wp-content\/uploads\/saison%202\/3\u00e8me\/3G6.swf\" \/><\/object><\/p>\n<p><span style=\"color: #ff0000;\">La deuxi\u00e8me partie concerne les r\u00e9alit\u00e9s et les limites de la puissance europ\u00e9enne.<\/span><\/p>\n<p><span style=\"color: #008080;\">Voici le diaporama (chapitre 9 du programme)<\/span><\/p>\n<p><object width=\"600\" height=\"450\" classid=\"clsid:d27cdb6e-ae6d-11cf-96b8-444553540000\" codebase=\"http:\/\/download.macromedia.com\/pub\/shockwave\/cabs\/flash\/swflash.cab#version=6,0,40,0\"><param name=\"src\" value=\"http:\/\/histoirencours.fr\/blog\/wp-content\/uploads\/saison%202\/3\u00e8me\/3G9.swf\" \/><embed width=\"600\" height=\"450\" type=\"application\/x-shockwave-flash\" src=\"http:\/\/histoirencours.fr\/blog\/wp-content\/uploads\/saison%202\/3\u00e8me\/3G9.swf\" \/><\/object><\/p>\n<p><strong><span style=\"color: #ff0000;\">La 3\u00e8me partie pose la question de comment la France est int\u00e9gr\u00e9e dans l\u2019UE.<\/span><\/strong><\/p>\n<p><span style=\"color: #008080;\">Voici le diaporama (chapitre 7 du programme)<\/span><\/p>\n<p><object width=\"600\" height=\"450\" classid=\"clsid:d27cdb6e-ae6d-11cf-96b8-444553540000\" codebase=\"http:\/\/download.macromedia.com\/pub\/shockwave\/cabs\/flash\/swflash.cab#version=6,0,40,0\"><param name=\"src\" value=\"http:\/\/histoirencours.fr\/blog\/wp-content\/uploads\/saison%202\/3\u00e8me\/3G7.swf\" \/><embed width=\"600\" height=\"450\" type=\"application\/x-shockwave-flash\" src=\"http:\/\/histoirencours.fr\/blog\/wp-content\/uploads\/saison%202\/3\u00e8me\/3G7.swf\" \/><\/object><\/p>\n<p>Les 3 diaporamas compil\u00e9s en un seul en <a href=\"http:\/\/histoirencours.fr\/blog\/wp-content\/uploads\/saison%202\/3\u00e8me\/3G6.pdf\" target=\"_blank\">pdf<\/a>.<\/p>\n<p>La trace \u00e9crite distribu\u00e9e <a href=\"http:\/\/histoirencours.fr\/blog\/wp-content\/uploads\/saison%202\/3\u00e8me\/3G6.docx\" target=\"_blank\">ici<\/a>.<\/p>\n<p><strong><span style=\"color: #008080;\">Pour s&#8217;informer plus en d\u00e9tail sur l&#8217;Union europ\u00e9enne<\/span><\/strong>, quelques liens :<\/p>\n<p>un portail de chiffres et statistiques diverses tr\u00e8s utiles : <a href=\"http:\/\/epp.eurostat.ec.europa.eu\/portal\/page\/portal\/eurostat\/home\/\" target=\"_blank\">Eurostat<\/a><\/p>\n<p>Le tr\u00e8s bon site\u00a0<a href=\"http:\/\/www.touteleurope.eu\/\">http:\/\/www.touteleurope.eu\/<\/a><\/p>\n<p>Et enfin le <a href=\"http:\/\/europa.eu\/index_fr.htm\" target=\"_blank\">site officiel <\/a>de l&#8217;Union europ\u00e9enne.<\/p>\n<p><strong><span style=\"color: #008080;\">R\u00e9visons les capitales et les pays europ\u00e9ens<\/span><\/strong> pendant qu&#8217;on y est&#8230;<\/p>\n<p><iframe loading=\"lazy\" src=\"http:\/\/colleges.ac-rouen.fr\/dunant-evreux\/SPIP\/html\/revision-brevet\/eur-pays-v-p\/europe.html\" height=\"450\" width=\"600\"><\/iframe><\/p>\n<p>Views: 86<\/p>","protected":false},"excerpt":{"rendered":"<p>FlyingSinger \/ Foter Petite compilation personnelle des chapitres 6, 7 et 9 du programme de G\u00e9ographie qui sont fortement en lien les uns avec les autres. Faut bien finir le programme! Ci-contre, un symbole des r\u00e9ussites technologiques de l&#8217;Europe avec &hellip; <a href=\"https:\/\/histoirencours.fr\/blog\/?p=2712\">Continuer la lecture <span class=\"meta-nav\">&rarr;<\/span><\/a><\/p>\n","protected":false},"author":1,"featured_media":0,"comment_status":"open","ping_status":"open","sticky":false,"template":"","format":"standard","meta":{"_monsterinsights_skip_tracking":false,"_monsterinsights_sitenote_active":false,"_monsterinsights_sitenote_note":"","_monsterinsights_sitenote_category":0,"ngg_post_thumbnail":0,"footnotes":""},"categories":[171,3],"tags":[35,22,117,433,229,208],"class_list":["post-2712","post","type-post","status-publish","format-standard","hentry","category-geographie-troisieme","category-troisieme","tag-3eme","tag-cours","tag-france","tag-geographie","tag-ue","tag-union-europeenne"],"aioseo_notices":[],"amp_enabled":true,"_links":{"self":[{"href":"https:\/\/histoirencours.fr\/blog\/index.php?rest_route=\/wp\/v2\/posts\/2712","targetHints":{"allow":["GET"]}}],"collection":[{"href":"https:\/\/histoirencours.fr\/blog\/index.php?rest_route=\/wp\/v2\/posts"}],"about":[{"href":"https:\/\/histoirencours.fr\/blog\/index.php?rest_route=\/wp\/v2\/types\/post"}],"author":[{"embeddable":true,"href":"https:\/\/histoirencours.fr\/blog\/index.php?rest_route=\/wp\/v2\/users\/1"}],"replies":[{"embeddable":true,"href":"https:\/\/histoirencours.fr\/blog\/index.php?rest_route=%2Fwp%2Fv2%2Fcomments&post=2712"}],"version-history":[{"count":3,"href":"https:\/\/histoirencours.fr\/blog\/index.php?rest_route=\/wp\/v2\/posts\/2712\/revisions"}],"predecessor-version":[{"id":2715,"href":"https:\/\/histoirencours.fr\/blog\/index.php?rest_route=\/wp\/v2\/posts\/2712\/revisions\/2715"}],"wp:attachment":[{"href":"https:\/\/histoirencours.fr\/blog\/index.php?rest_route=%2Fwp%2Fv2%2Fmedia&parent=2712"}],"wp:term":[{"taxonomy":"category","embeddable":true,"href":"https:\/\/histoirencours.fr\/blog\/index.php?rest_route=%2Fwp%2Fv2%2Fcategories&post=2712"},{"taxonomy":"post_tag","embeddable":true,"href":"https:\/\/histoirencours.fr\/blog\/index.php?rest_route=%2Fwp%2Fv2%2Ftags&post=2712"}],"curies":[{"name":"wp","href":"https:\/\/api.w.org\/{rel}","templated":true}]}}