{"id":2738,"date":"2013-07-08T15:07:27","date_gmt":"2013-07-08T13:07:27","guid":{"rendered":"http:\/\/histoirencours.fr\/blog\/?p=2738"},"modified":"2013-07-08T15:07:27","modified_gmt":"2013-07-08T13:07:27","slug":"bonnes-vacances","status":"publish","type":"post","link":"https:\/\/histoirencours.fr\/blog\/?p=2738","title":{"rendered":"Bonnes vacances!"},"content":{"rendered":"<dl class=\"wp-caption foter-photo alignleft\" id=\"foter-photo-figure\" style=\"width: 300px; color: #888; position: relative; font-size: 11px; font-family: Arial, Helvetica, sans-serif; overflow: hidden; zoom: 1; padding: 4px; border: 1px solid #DDDDDD; border-radius: 3px 3px 3px 3px;\">\n<dt class=\"wp-caption-dt\"><img decoding=\"async\" class=\"foter-photo mceItem\" style=\"border: none; padding: 0; display: block; width: 100%;\" title=\"Farniente\" alt=\"Farniente\" src=\"http:\/\/histoirencours.fr\/blog\/wp-content\/uploads\/2013\/07\/farniente-1.jpg\" \/><\/dt>\n<dd class=\"wp-caption-dd\" style=\"padding: 0; margin: 0;\"><span style=\"display: block; float: right;\"><a href=\"http:\/\/www.flickr.com\/photos\/eriatarka31\/5310283498\/\">Gr\u00e9gory Tonon<\/a> \/ <a href=\"http:\/\/foter.com\">Foter<\/a> \/ <a href=\"http:\/\/creativecommons.org\/licenses\/by-sa\/2.0\/\">CC BY-SA<\/a><\/span><\/dd>\n<\/dl>\n<p><span style=\"color: #993366;\"><strong><em>Ah oui! J&#8217;allais oublier!<\/em><\/strong><\/span><\/p>\n<p><span style=\"color: #993366;\"><em>Je souhaite de bonnes vacances \u00e0 tous mes \u00e9l\u00e8ves et \u00e0 tous les profs et autres personnes qui suivent ce blog!<\/em><\/span><\/p>\n<p><span style=\"color: #993366;\"><em>Je donne rendez-vous \u00e0 tous pour de nouvelles aventures \u00e0 partir du 2 septembre. L&#8217;auteur de ce blog -et donc le blog lui-m\u00eame- va profiter d&#8217;un repos bien m\u00e9rit\u00e9! \ud83d\ude42<\/em><\/span><\/p>\n<p>&nbsp;<\/p>\n<p>Views: 54<\/p>","protected":false},"excerpt":{"rendered":"<p>Gr\u00e9gory Tonon \/ Foter \/ CC BY-SA Ah oui! J&#8217;allais oublier! Je souhaite de bonnes vacances \u00e0 tous mes \u00e9l\u00e8ves et \u00e0 tous les profs et autres personnes qui suivent ce blog! Je donne rendez-vous \u00e0 tous pour de nouvelles &hellip; <a href=\"https:\/\/histoirencours.fr\/blog\/?p=2738\">Continuer la lecture <span class=\"meta-nav\">&rarr;<\/span><\/a><\/p>\n","protected":false},"author":1,"featured_media":0,"comment_status":"open","ping_status":"open","sticky":false,"template":"","format":"standard","meta":{"_monsterinsights_skip_tracking":false,"_monsterinsights_sitenote_active":false,"_monsterinsights_sitenote_note":"","_monsterinsights_sitenote_category":0,"ngg_post_thumbnail":0,"footnotes":""},"categories":[13],"tags":[],"class_list":["post-2738","post","type-post","status-publish","format-standard","hentry","category-divers"],"aioseo_notices":[],"amp_enabled":true,"_links":{"self":[{"href":"https:\/\/histoirencours.fr\/blog\/index.php?rest_route=\/wp\/v2\/posts\/2738","targetHints":{"allow":["GET"]}}],"collection":[{"href":"https:\/\/histoirencours.fr\/blog\/index.php?rest_route=\/wp\/v2\/posts"}],"about":[{"href":"https:\/\/histoirencours.fr\/blog\/index.php?rest_route=\/wp\/v2\/types\/post"}],"author":[{"embeddable":true,"href":"https:\/\/histoirencours.fr\/blog\/index.php?rest_route=\/wp\/v2\/users\/1"}],"replies":[{"embeddable":true,"href":"https:\/\/histoirencours.fr\/blog\/index.php?rest_route=%2Fwp%2Fv2%2Fcomments&post=2738"}],"version-history":[{"count":1,"href":"https:\/\/histoirencours.fr\/blog\/index.php?rest_route=\/wp\/v2\/posts\/2738\/revisions"}],"predecessor-version":[{"id":2740,"href":"https:\/\/histoirencours.fr\/blog\/index.php?rest_route=\/wp\/v2\/posts\/2738\/revisions\/2740"}],"wp:attachment":[{"href":"https:\/\/histoirencours.fr\/blog\/index.php?rest_route=%2Fwp%2Fv2%2Fmedia&parent=2738"}],"wp:term":[{"taxonomy":"category","embeddable":true,"href":"https:\/\/histoirencours.fr\/blog\/index.php?rest_route=%2Fwp%2Fv2%2Fcategories&post=2738"},{"taxonomy":"post_tag","embeddable":true,"href":"https:\/\/histoirencours.fr\/blog\/index.php?rest_route=%2Fwp%2Fv2%2Ftags&post=2738"}],"curies":[{"name":"wp","href":"https:\/\/api.w.org\/{rel}","templated":true}]}}