{"id":2895,"date":"2015-10-19T11:35:51","date_gmt":"2015-10-19T09:35:51","guid":{"rendered":"http:\/\/histoirencours.fr\/blog\/?p=2895"},"modified":"2015-10-19T11:35:22","modified_gmt":"2015-10-19T09:35:22","slug":"3eme-un-territoire-sous-influence-urbaine-4","status":"publish","type":"post","link":"https:\/\/histoirencours.fr\/blog\/?p=2895","title":{"rendered":"3\u00e8me : Un territoire sous influence urbaine (4)"},"content":{"rendered":"<dl id=\"foter-photo-figure\" class=\"wp-caption foter-photo alignleft\" style=\"width: 300px; color: #888; position: relative; font-size: 11px; font-family: Arial, Helvetica, sans-serif; overflow: hidden; zoom: 1; padding: 4px; border: 1px solid #DDDDDD; border-radius: 3px 3px 3px 3px;\">\n<dt class=\"wp-caption-dt\"><img decoding=\"async\" class=\"foter-photo mceItem\" style=\"border: none; padding: 0; display: block; width: 100%;\" title=\"Trocad\u00e9ro scene # 2\" src=\"http:\/\/histoirencours.fr\/blog\/wp-content\/uploads\/2012\/11\/trocadero-scene-2.jpeg\" alt=\"Trocad\u00e9ro scene # 2\" \/><\/dt>\n<dd class=\"wp-caption-dd\" style=\"padding: 0; margin: 0;\"><span style=\"display: block; float: right;\"><a href=\"http:\/\/www.flickr.com\/photos\/gregory_bastien\/2565954916\/\">Gregory Bastien<\/a> \/ <a href=\"http:\/\/foter.com\/People\/\">Foter<\/a> \/ <a href=\"http:\/\/creativecommons.org\/licenses\/by-nc-nd\/2.0\/\">CC BY-NC-ND<\/a><\/span><\/dd>\n<\/dl>\n<p><strong><span style=\"color: #ff0000;\">La derni\u00e8re partie du chapitre est consacr\u00e9e \u00e0 la population fran\u00e7aise<\/span><\/strong> : densit\u00e9s sur le territoire, dynamiques d\u00e9mographiques et mobilit\u00e9s sont au programme. En conclusion, un petit croquis de la population sur le territoire.<\/p>\n<p>&nbsp;<\/p>\n<p><strong><span style=\"color: #008080;\">Le diaporama de la le\u00e7on<\/span><\/strong> est \u00e0 retrouver ici en Flash :<\/p>\n<p><object width=\"640\" height=\"480\" classid=\"clsid:d27cdb6e-ae6d-11cf-96b8-444553540000\" codebase=\"http:\/\/download.macromedia.com\/pub\/shockwave\/cabs\/flash\/swflash.cab#version=6,0,40,0\"><param name=\"src\" value=\"http:\/\/histoirencours.fr\/blog\/wp-content\/uploads\/saison%203\/3eme\/3G1%20(4).swf\" \/><embed width=\"640\" height=\"480\" type=\"application\/x-shockwave-flash\" src=\"http:\/\/histoirencours.fr\/blog\/wp-content\/uploads\/saison%203\/3eme\/3G1%20(4).swf\" \/><\/object><\/p>\n<p>Le diaporama en version <strong><span style=\"color: #008080;\">vid\u00e9o comment\u00e9e<\/span><\/strong> :<\/p>\n<p><iframe loading=\"lazy\" src=\"\/\/www.youtube.com\/embed\/7spe2dVi4xE\" width=\"640\" height=\"420\" frameborder=\"0\" allowfullscreen=\"allowfullscreen\"><\/iframe><\/p>\n<p><strong><span style=\"color: #008080;\">Le diaporama du croquis<\/span> <\/strong>est ici (avec un tr\u00e8s grand merci \u00e0 HG Sempa\u00ef \u00e0 qui j&#8217;ai repris le croquis et l&#8217;animation flash!<\/p>\n<p><object width=\"600\" height=\"450\" classid=\"clsid:d27cdb6e-ae6d-11cf-96b8-444553540000\" codebase=\"http:\/\/download.macromedia.com\/pub\/shockwave\/cabs\/flash\/swflash.cab#version=6,0,40,0\"><param name=\"src\" value=\"http:\/\/histoirencours.fr\/blog\/wp-content\/uploads\/saison%202\/3\u00e8me\/3G3%20(3).swf\" \/><embed width=\"600\" height=\"450\" type=\"application\/x-shockwave-flash\" src=\"http:\/\/histoirencours.fr\/blog\/wp-content\/uploads\/saison%202\/3\u00e8me\/3G3%20(3).swf\" \/><\/object><\/p>\n<p>A t\u00e9l\u00e9charger, la <strong><span style=\"color: #008080;\">fiche<\/span> <\/strong>sur la densit\u00e9 de population <a href=\"http:\/\/histoirencours.fr\/blog\/wp-content\/uploads\/saison%203\/3eme\/Fiche%20densit\u00e9%20population.docx\" target=\"_blank\">ici <\/a>et celle sur le croquis <a href=\"http:\/\/histoirencours.fr\/blog\/wp-content\/uploads\/saison%203\/3eme\/croquis%20population.docx\" target=\"_blank\">ici<\/a>.<\/p>\n<p>Views: 43<\/p>","protected":false},"excerpt":{"rendered":"<p>Gregory Bastien \/ Foter \/ CC BY-NC-ND La derni\u00e8re partie du chapitre est consacr\u00e9e \u00e0 la population fran\u00e7aise : densit\u00e9s sur le territoire, dynamiques d\u00e9mographiques et mobilit\u00e9s sont au programme. En conclusion, un petit croquis de la population sur le &hellip; <a href=\"https:\/\/histoirencours.fr\/blog\/?p=2895\">Continuer la lecture <span class=\"meta-nav\">&rarr;<\/span><\/a><\/p>\n","protected":false},"author":1,"featured_media":0,"comment_status":"open","ping_status":"open","sticky":false,"template":"","format":"standard","meta":{"_monsterinsights_skip_tracking":false,"_monsterinsights_sitenote_active":false,"_monsterinsights_sitenote_note":"","_monsterinsights_sitenote_category":0,"ngg_post_thumbnail":0,"footnotes":""},"categories":[171,3],"tags":[35,22,117,433,301,321,405],"class_list":["post-2895","post","type-post","status-publish","format-standard","hentry","category-geographie-troisieme","category-troisieme","tag-3eme","tag-cours","tag-france","tag-geographie","tag-influence-urbaine","tag-population","tag-territoire-national"],"aioseo_notices":[],"amp_enabled":true,"_links":{"self":[{"href":"https:\/\/histoirencours.fr\/blog\/index.php?rest_route=\/wp\/v2\/posts\/2895","targetHints":{"allow":["GET"]}}],"collection":[{"href":"https:\/\/histoirencours.fr\/blog\/index.php?rest_route=\/wp\/v2\/posts"}],"about":[{"href":"https:\/\/histoirencours.fr\/blog\/index.php?rest_route=\/wp\/v2\/types\/post"}],"author":[{"embeddable":true,"href":"https:\/\/histoirencours.fr\/blog\/index.php?rest_route=\/wp\/v2\/users\/1"}],"replies":[{"embeddable":true,"href":"https:\/\/histoirencours.fr\/blog\/index.php?rest_route=%2Fwp%2Fv2%2Fcomments&post=2895"}],"version-history":[{"count":3,"href":"https:\/\/histoirencours.fr\/blog\/index.php?rest_route=\/wp\/v2\/posts\/2895\/revisions"}],"predecessor-version":[{"id":3535,"href":"https:\/\/histoirencours.fr\/blog\/index.php?rest_route=\/wp\/v2\/posts\/2895\/revisions\/3535"}],"wp:attachment":[{"href":"https:\/\/histoirencours.fr\/blog\/index.php?rest_route=%2Fwp%2Fv2%2Fmedia&parent=2895"}],"wp:term":[{"taxonomy":"category","embeddable":true,"href":"https:\/\/histoirencours.fr\/blog\/index.php?rest_route=%2Fwp%2Fv2%2Fcategories&post=2895"},{"taxonomy":"post_tag","embeddable":true,"href":"https:\/\/histoirencours.fr\/blog\/index.php?rest_route=%2Fwp%2Fv2%2Ftags&post=2895"}],"curies":[{"name":"wp","href":"https:\/\/api.w.org\/{rel}","templated":true}]}}