{"id":2991,"date":"2015-11-22T11:15:06","date_gmt":"2015-11-22T10:15:06","guid":{"rendered":"http:\/\/histoirencours.fr\/blog\/?p=2991"},"modified":"2015-11-22T11:15:32","modified_gmt":"2015-11-22T10:15:32","slug":"3eme-les-regimes-totalitaires-dans-les-annees-1930-2-lallemagne-nazie","status":"publish","type":"post","link":"https:\/\/histoirencours.fr\/blog\/?p=2991","title":{"rendered":"3\u00e8me : Les r\u00e9gimes totalitaires dans les ann\u00e9es 1930. (2. L&#8217;Allemagne nazie)"},"content":{"rendered":"<p><strong><span style=\"color: #ff0000;\"><img loading=\"lazy\" decoding=\"async\" class=\"alignleft\" src=\"http:\/\/edwige.roland.pagesperso-orange.fr\/troisieme\/annees30\/allemagne\/affiche4.jpg\" alt=\"\" width=\"247\" height=\"354\" \/>La deuxi\u00e8me partie du chapitre concerne le r\u00e9gime nazi. Comment Hitler met-il en place le r\u00e9gime nazi et pourquoi l&#8217;Etat allemand devient-il un Etat totalitaire ?\u00a0<\/span><\/strong><\/p>\n<p>&nbsp;<\/p>\n<p>&#8220;La jeunesse sert le F\u00fchrer&#8221;, affiche de propagande pour les jeunesses hitl\u00e9riennes.<\/p>\n<p>&nbsp;<\/p>\n<p>&nbsp;<\/p>\n<p><strong><span style=\"color: #008080;\">Voici le diaporama de la le\u00e7on :\u00a0<\/span><\/strong><\/p>\n<p><object width=\"600\" height=\"450\" classid=\"clsid:d27cdb6e-ae6d-11cf-96b8-444553540000\" codebase=\"http:\/\/download.macromedia.com\/pub\/shockwave\/cabs\/flash\/swflash.cab#version=6,0,40,0\"><param name=\"src\" value=\"http:\/\/histoirencours.fr\/blog\/wp-content\/uploads\/saison%202\/3\u00e8me\/3H4%20(3).swf\" \/><embed width=\"600\" height=\"450\" type=\"application\/x-shockwave-flash\" src=\"http:\/\/histoirencours.fr\/blog\/wp-content\/uploads\/saison%202\/3\u00e8me\/3H4%20(3).swf\" \/><\/object><\/p>\n<p><strong><span style=\"color: #008080;\">Le diaporama comment\u00e9 en vid\u00e9o<\/span><\/strong> (un peu longue je vous l&#8217;accorde, mais quand on aime on ne compte pas son temps&#8230;) :<\/p>\n<p><iframe loading=\"lazy\" src=\"\/\/www.youtube.com\/embed\/TudJaUpWcD4\" width=\"640\" height=\"420\" frameborder=\"0\" allowfullscreen=\"allowfullscreen\"><\/iframe><\/p>\n<p><strong><span style=\"color: #008080;\">Le podcast de la le\u00e7on :<\/span><\/strong><\/p>\n<p><iframe loading=\"lazy\" src=\"https:\/\/w.soundcloud.com\/player\/?url=https%3A\/\/api.soundcloud.com\/tracks\/121499913&amp;color=ff6600&amp;auto_play=false&amp;show_artwork=true\" width=\"100%\" height=\"166\" frameborder=\"no\" scrolling=\"no\"><\/iframe><\/p>\n<p>La version en pdf \u00e0 t\u00e9l\u00e9charger <a href=\"http:\/\/histoirencours.fr\/blog\/wp-content\/uploads\/saison%202\/3\u00e8me\/3H4%20nazisme.pdf\" target=\"_blank\">ici<\/a>.<\/p>\n<p>Vous pouvez r\u00e9pondre aux questions sur les documents de ce\u00a0<a href=\"http:\/\/histoirencours.fr\/quizz\/Quizz3eme\/sujet%20brevet%20nazisme\/index.html\" target=\"_blank\">livret interactif<\/a>\u00a0r\u00e9alis\u00e9 pour l&#8217;ancien programme et l&#8217;ancien Brevet. L&#8217;analyse des documents est toujours valable!<\/p>\n<p>Voici une petite\u00a0<a href=\"http:\/\/www.herodote.net\/histoire\/synthese.php?ID=214\" target=\"_blank\">biographie d\u2019Hitler<\/a>\u00a0de sa naissance jusqu\u2019\u00e0 1933 sur le site H\u00e9rodote.net.<\/p>\n<p>La <a href=\"http:\/\/www.larousse.fr\/encyclopedie\/personnage\/Adolf_Hitler\/124024\" target=\"_blank\">biographie <\/a>d&#8217;Hitler sur le site de l&#8217;encyclop\u00e9die Larousse.<\/p>\n<p>Pour aller plus loin sur cette premi\u00e8re partie, vous pouvez regarder <strong><span style=\"color: #008080;\">le\u00a0documentaire Apocalypse<\/span><\/strong>\u00a0qui a \u00e9t\u00e9 diffus\u00e9 la premi\u00e8re fois en 2011 puis r\u00e9cemment sur France 2. Voici le\u00a0<a href=\"http:\/\/programmes.france2.fr\/apocalypse-hitler\/\" target=\"_blank\">lien vers le site de France 2<\/a>\u00a0avec des extraits class\u00e9s par th\u00e8mes et des compl\u00e9ments tr\u00e8s int\u00e9ressants.<\/p>\n<p>Ci-dessous, la premi\u00e8re partie partie du documentaire\u00a0<strong><span style=\"color: #008080;\">\u201cDe Nuremberg \u00e0 Nuremberg\u201d <\/span><\/strong>de Fr\u00e9d\u00e9ric Rossif\u00a0qui raconte l\u2019histoire d\u2019Hitler au pouvoir de 1933 \u00e0 1945. Le d\u00e9but du film a servi d\u2019introduction au cours en classe.<\/p>\n<p><iframe loading=\"lazy\" src=\"http:\/\/www.youtube.com\/embed\/kF-E4lehnqc\" width=\"640\" height=\"360\" frameborder=\"0\" allowfullscreen=\"allowfullscreen\"><\/iframe><\/p>\n<p>Un reportage sur le 7\u00e8me Congr\u00e8s du parti nazi :<\/p>\n<p><iframe loading=\"lazy\" src=\"http:\/\/fresques.ina.fr\/jalons\/export\/player\/InaEdu02028\/360x270\" width=\"360\" height=\"350\" frameborder=\"0\" marginwidth=\"0\" marginheight=\"0\" scrolling=\"no\"><\/iframe><\/p>\n<p>Un autre sur un Autodaf\u00e9 (des livres br\u00fbl\u00e9s) :<\/p>\n<p><iframe loading=\"lazy\" src=\"http:\/\/fresques.ina.fr\/jalons\/export\/player\/InaEdu02012\/360x270\" width=\"360\" height=\"350\" frameborder=\"0\" marginwidth=\"0\" marginheight=\"0\" scrolling=\"no\"><\/iframe><\/p>\n<p>Un <a href=\"http:\/\/histobook.fr\/?p=1180\" target=\"_blank\">article <\/a>de blog avec plusieurs caricatures d&#8217;Hitler r\u00e9alis\u00e9es par le Canard encha\u00een\u00e9 en 1939.<\/p>\n<p>Un <a href=\"http:\/\/societetotalitairetpe.e-monsite.com\/\" target=\"_blank\">site <\/a>consacr\u00e9 au totalitarisme nazi.<\/p>\n<p>Views: 355<\/p>","protected":false},"excerpt":{"rendered":"<p>La deuxi\u00e8me partie du chapitre concerne le r\u00e9gime nazi. Comment Hitler met-il en place le r\u00e9gime nazi et pourquoi l&#8217;Etat allemand devient-il un Etat totalitaire ?\u00a0 &nbsp; &#8220;La jeunesse sert le F\u00fchrer&#8221;, affiche de propagande pour les jeunesses hitl\u00e9riennes. &nbsp; &hellip; <a href=\"https:\/\/histoirencours.fr\/blog\/?p=2991\">Continuer la lecture <span class=\"meta-nav\">&rarr;<\/span><\/a><\/p>\n","protected":false},"author":1,"featured_media":0,"comment_status":"open","ping_status":"open","sticky":false,"template":"","format":"standard","meta":{"_monsterinsights_skip_tracking":false,"_monsterinsights_sitenote_active":false,"_monsterinsights_sitenote_note":"","_monsterinsights_sitenote_category":0,"ngg_post_thumbnail":0,"footnotes":""},"categories":[21,3],"tags":[35,22,406,432,100,102],"class_list":["post-2991","post","type-post","status-publish","format-standard","hentry","category-histoire-troisieme","category-troisieme","tag-3eme","tag-cours","tag-etat-totalitaire","tag-histoire","tag-hitler","tag-nazisme"],"aioseo_notices":[],"amp_enabled":true,"_links":{"self":[{"href":"https:\/\/histoirencours.fr\/blog\/index.php?rest_route=\/wp\/v2\/posts\/2991","targetHints":{"allow":["GET"]}}],"collection":[{"href":"https:\/\/histoirencours.fr\/blog\/index.php?rest_route=\/wp\/v2\/posts"}],"about":[{"href":"https:\/\/histoirencours.fr\/blog\/index.php?rest_route=\/wp\/v2\/types\/post"}],"author":[{"embeddable":true,"href":"https:\/\/histoirencours.fr\/blog\/index.php?rest_route=\/wp\/v2\/users\/1"}],"replies":[{"embeddable":true,"href":"https:\/\/histoirencours.fr\/blog\/index.php?rest_route=%2Fwp%2Fv2%2Fcomments&post=2991"}],"version-history":[{"count":4,"href":"https:\/\/histoirencours.fr\/blog\/index.php?rest_route=\/wp\/v2\/posts\/2991\/revisions"}],"predecessor-version":[{"id":3505,"href":"https:\/\/histoirencours.fr\/blog\/index.php?rest_route=\/wp\/v2\/posts\/2991\/revisions\/3505"}],"wp:attachment":[{"href":"https:\/\/histoirencours.fr\/blog\/index.php?rest_route=%2Fwp%2Fv2%2Fmedia&parent=2991"}],"wp:term":[{"taxonomy":"category","embeddable":true,"href":"https:\/\/histoirencours.fr\/blog\/index.php?rest_route=%2Fwp%2Fv2%2Fcategories&post=2991"},{"taxonomy":"post_tag","embeddable":true,"href":"https:\/\/histoirencours.fr\/blog\/index.php?rest_route=%2Fwp%2Fv2%2Ftags&post=2991"}],"curies":[{"name":"wp","href":"https:\/\/api.w.org\/{rel}","templated":true}]}}