{"id":3109,"date":"2014-02-27T09:27:41","date_gmt":"2014-02-27T08:27:41","guid":{"rendered":"http:\/\/histoirencours.fr\/blog\/?p=3109"},"modified":"2014-02-27T09:27:36","modified_gmt":"2014-02-27T08:27:36","slug":"voyage-en-normandie","status":"publish","type":"post","link":"https:\/\/histoirencours.fr\/blog\/?p=3109","title":{"rendered":"Voyage en Normandie"},"content":{"rendered":"<dl class=\"foter-photo aligncenter\" id=\"foter-photo-figure\" style=\"width: 300px; color: #888; position: relative; font-size: 11px; font-family: Arial, Helvetica, sans-serif; overflow: hidden; zoom: 1; padding: 4px; border: 1px solid #DDDDDD; border-radius: 3px 3px 3px 3px;\">\n<dt class=\"wp-caption-dt\"><a title=\"p004589.jpg\" href=\"http:\/\/foter.com\/re\/80eae3\"><img decoding=\"async\" class=\"foter-photo mceItem\" style=\"border: none; padding: 0; display: block; width: 100%;\" title=\"p004589.jpg\" alt=\"p004589.jpg\" src=\"http:\/\/histoirencours.fr\/blog\/wp-content\/uploads\/2014\/01\/p004589-jpg.jpg\" \/><\/a><\/dt>\n<dd class=\"wp-caption-dd\" style=\"padding: 0; margin: 0;\"><span style=\"display: block; float: right;\"><a href=\"http:\/\/www.flickr.com\/photos\/photosnormandie\/6236534267\/\">PhotosNormandie<\/a> \/ <a href=\"http:\/\/foter.com\/\">Foter<\/a> \/ <a href=\"http:\/\/creativecommons.org\/licenses\/by-sa\/2.0\/\">CC BY-SA<\/a><\/span><\/dd>\n<\/dl>\n<p><strong><span style=\"color: #ff0000;\">Au retour des vacances de f\u00e9vrier, les 3\u00e8me du coll\u00e8ge sortent 3 jours en Normandie.<\/span><\/strong> Voici la pr\u00e9sentation montr\u00e9e \u00e0 la r\u00e9union d&#8217;information.<\/p>\n<p><strong><span style=\"color: #ff0000;\">Attention! Quelques modifications au programme :<\/span><\/strong><\/p>\n<p><span style=\"color: #000000;\">&#8211; Visite du mus\u00e9e du d\u00e9barquement d&#8217;Arromanches le lundi apr\u00e8s-midi \u00e0 la place du mercredi matin. Le cimeti\u00e8re am\u00e9ricain de Colleville sera donc visit\u00e9 le mercredi matin.\u00a0<\/span><\/p>\n<p><strong>&#8211; Le retour est pr\u00e9vu \u00e0 21h au lieu de 20h.<\/strong><\/p>\n<p>&#8211; Nous logerons dans deux h\u00f4tels de Carentan et non pas de Caen :<\/p>\n<p>Celui des filles est l&#8217;H\u00f4tel Kyriad, rue du Mesnil \u00e0 St Hilaire Petiville. (<a href=\"http:\/\/www.kyriad.com\/fr\/hotels\/kyriad-carentan?sem=yes&amp;nbsegid=676&amp;gclid=CMCOt-vw67wCFbLJtAod-BkA4g&amp;AspxAutoDetectCookieSupport=1\" target=\"_blank\">leur site<\/a>)<\/p>\n<p>Celui des garcons est l&#8217;H\u00f4tel L&#8217;Aire de la Baie, 72, route de Carentan \u00e0 Les Veys sur Carentan. (<a href=\"http:\/\/www.airedelabaie.com\/\" target=\"_blank\">leur site<\/a>)<\/p>\n<p><iframe loading=\"lazy\" src=\"http:\/\/prezi.com\/embed\/9ptccxd7othy\/?bgcolor=ffffff&amp;lock_to_path=0&amp;autoplay=0&amp;autohide_ctrls=0&amp;features=undefined&amp;disabled_features=undefined\" height=\"400\" width=\"550\" frameborder=\"0\"><\/iframe><\/p>\n<p>Views: 27<\/p>","protected":false},"excerpt":{"rendered":"<p>PhotosNormandie \/ Foter \/ CC BY-SA Au retour des vacances de f\u00e9vrier, les 3\u00e8me du coll\u00e8ge sortent 3 jours en Normandie. Voici la pr\u00e9sentation montr\u00e9e \u00e0 la r\u00e9union d&#8217;information. Attention! Quelques modifications au programme : &#8211; Visite du mus\u00e9e du &hellip; <a href=\"https:\/\/histoirencours.fr\/blog\/?p=3109\">Continuer la lecture <span class=\"meta-nav\">&rarr;<\/span><\/a><\/p>\n","protected":false},"author":1,"featured_media":0,"comment_status":"open","ping_status":"open","sticky":false,"template":"","format":"standard","meta":{"_monsterinsights_skip_tracking":false,"_monsterinsights_sitenote_active":false,"_monsterinsights_sitenote_note":"","_monsterinsights_sitenote_category":0,"ngg_post_thumbnail":0,"footnotes":""},"categories":[13,133,3],"tags":[],"class_list":["post-3109","post","type-post","status-publish","format-standard","hentry","category-divers","category-normandie","category-troisieme"],"aioseo_notices":[],"amp_enabled":true,"_links":{"self":[{"href":"https:\/\/histoirencours.fr\/blog\/index.php?rest_route=\/wp\/v2\/posts\/3109","targetHints":{"allow":["GET"]}}],"collection":[{"href":"https:\/\/histoirencours.fr\/blog\/index.php?rest_route=\/wp\/v2\/posts"}],"about":[{"href":"https:\/\/histoirencours.fr\/blog\/index.php?rest_route=\/wp\/v2\/types\/post"}],"author":[{"embeddable":true,"href":"https:\/\/histoirencours.fr\/blog\/index.php?rest_route=\/wp\/v2\/users\/1"}],"replies":[{"embeddable":true,"href":"https:\/\/histoirencours.fr\/blog\/index.php?rest_route=%2Fwp%2Fv2%2Fcomments&post=3109"}],"version-history":[{"count":3,"href":"https:\/\/histoirencours.fr\/blog\/index.php?rest_route=\/wp\/v2\/posts\/3109\/revisions"}],"predecessor-version":[{"id":3171,"href":"https:\/\/histoirencours.fr\/blog\/index.php?rest_route=\/wp\/v2\/posts\/3109\/revisions\/3171"}],"wp:attachment":[{"href":"https:\/\/histoirencours.fr\/blog\/index.php?rest_route=%2Fwp%2Fv2%2Fmedia&parent=3109"}],"wp:term":[{"taxonomy":"category","embeddable":true,"href":"https:\/\/histoirencours.fr\/blog\/index.php?rest_route=%2Fwp%2Fv2%2Fcategories&post=3109"},{"taxonomy":"post_tag","embeddable":true,"href":"https:\/\/histoirencours.fr\/blog\/index.php?rest_route=%2Fwp%2Fv2%2Ftags&post=3109"}],"curies":[{"name":"wp","href":"https:\/\/api.w.org\/{rel}","templated":true}]}}