{"id":3629,"date":"2016-04-10T21:26:16","date_gmt":"2016-04-10T19:26:16","guid":{"rendered":"http:\/\/histoirencours.fr\/blog\/?p=3629"},"modified":"2016-05-10T21:26:47","modified_gmt":"2016-05-10T19:26:47","slug":"hda-le-chant-des-partisans","status":"publish","type":"post","link":"https:\/\/histoirencours.fr\/blog\/?p=3629","title":{"rendered":"HdA : Le Chant des partisans"},"content":{"rendered":"<p><span style=\"color: #ff0000;\"><img loading=\"lazy\" decoding=\"async\" class=\"alignleft\" src=\"http:\/\/claude.torres1.perso.sfr.fr\/GhettosCamps\/Clandestinite\/Occupation\/AnnaMarlyAffiche.jpg\" alt=\"\" width=\"220\" height=\"286\" \/>Oeuvre \u00e9tudi\u00e9e cette ann\u00e9e en Histoire des Arts en 3\u00e8me : le chant des partisans.<\/span> Cette chanson, \u00e9crite en 1943 par Joseph Kessel et Maurice Druon, sur une musique d&#8217;Anna Marly, est devenue un symbole de la lutte contre l\u2019oppression nazie.<\/p>\n<p>Retrouvez le Prezi qui\u00a0sert pour l&#8217;\u00e9tude en classe, ainsi que la fiche vierge compl\u00e9t\u00e9e par les \u00e9l\u00e8ves <a href=\"http:\/\/histoirencours.fr\/blog\/wp-content\/uploads\/saison%204\/fiche%20chant%20des%20partisans.docx\" target=\"_blank\">ici<\/a>. La fiche corrig\u00e9e est <a href=\"http:\/\/histoirencours.fr\/blog\/wp-content\/uploads\/saison%204\/fiche%20chant%20des%20partisans%20-%20Corrig\u00e9.docx\" target=\"_blank\">ici<\/a>.<\/p>\n<p><iframe loading=\"lazy\" src=\"https:\/\/prezi.com\/embed\/p_w4e32sjtaa\/?bgcolor=ffffff&amp;lock_to_path=0&amp;autoplay=0&amp;autohide_ctrls=0#\" width=\"550\" height=\"400\" frameborder=\"0\" allowfullscreen=\"allowfullscreen\"><\/iframe><\/p>\n<p>Views: 142<\/p>","protected":false},"excerpt":{"rendered":"<p>Oeuvre \u00e9tudi\u00e9e cette ann\u00e9e en Histoire des Arts en 3\u00e8me : le chant des partisans. Cette chanson, \u00e9crite en 1943 par Joseph Kessel et Maurice Druon, sur une musique d&#8217;Anna Marly, est devenue un symbole de la lutte contre l\u2019oppression &hellip; <a href=\"https:\/\/histoirencours.fr\/blog\/?p=3629\">Continuer la lecture <span class=\"meta-nav\">&rarr;<\/span><\/a><\/p>\n","protected":false},"author":1,"featured_media":0,"comment_status":"open","ping_status":"open","sticky":false,"template":"","format":"standard","meta":{"_monsterinsights_skip_tracking":false,"_monsterinsights_sitenote_active":false,"_monsterinsights_sitenote_note":"","_monsterinsights_sitenote_category":0,"ngg_post_thumbnail":0,"footnotes":""},"categories":[21,8,3],"tags":[35,426,424,117,425,431,84],"class_list":["post-3629","post","type-post","status-publish","format-standard","hentry","category-histoire-troisieme","category-histoire-des-arts","category-troisieme","tag-3eme","tag-anna-marly","tag-chant-des-partisans","tag-france","tag-hda","tag-histoire-des-arts","tag-resistance"],"aioseo_notices":[],"amp_enabled":true,"_links":{"self":[{"href":"https:\/\/histoirencours.fr\/blog\/index.php?rest_route=\/wp\/v2\/posts\/3629","targetHints":{"allow":["GET"]}}],"collection":[{"href":"https:\/\/histoirencours.fr\/blog\/index.php?rest_route=\/wp\/v2\/posts"}],"about":[{"href":"https:\/\/histoirencours.fr\/blog\/index.php?rest_route=\/wp\/v2\/types\/post"}],"author":[{"embeddable":true,"href":"https:\/\/histoirencours.fr\/blog\/index.php?rest_route=\/wp\/v2\/users\/1"}],"replies":[{"embeddable":true,"href":"https:\/\/histoirencours.fr\/blog\/index.php?rest_route=%2Fwp%2Fv2%2Fcomments&post=3629"}],"version-history":[{"count":3,"href":"https:\/\/histoirencours.fr\/blog\/index.php?rest_route=\/wp\/v2\/posts\/3629\/revisions"}],"predecessor-version":[{"id":3792,"href":"https:\/\/histoirencours.fr\/blog\/index.php?rest_route=\/wp\/v2\/posts\/3629\/revisions\/3792"}],"wp:attachment":[{"href":"https:\/\/histoirencours.fr\/blog\/index.php?rest_route=%2Fwp%2Fv2%2Fmedia&parent=3629"}],"wp:term":[{"taxonomy":"category","embeddable":true,"href":"https:\/\/histoirencours.fr\/blog\/index.php?rest_route=%2Fwp%2Fv2%2Fcategories&post=3629"},{"taxonomy":"post_tag","embeddable":true,"href":"https:\/\/histoirencours.fr\/blog\/index.php?rest_route=%2Fwp%2Fv2%2Ftags&post=3629"}],"curies":[{"name":"wp","href":"https:\/\/api.w.org\/{rel}","templated":true}]}}