{"id":3829,"date":"2017-09-07T18:42:38","date_gmt":"2017-09-07T16:42:38","guid":{"rendered":"http:\/\/histoirencours.fr\/blog\/?p=3829"},"modified":"2017-09-07T18:42:16","modified_gmt":"2017-09-07T16:42:16","slug":"4h1-bourgeoisies-marchandes-negoces-internationaux-et-traites-negrieres-au-xviiie-siecle","status":"publish","type":"post","link":"https:\/\/histoirencours.fr\/blog\/?p=3829","title":{"rendered":"4H1 : Bourgeoisies marchandes, n\u00e9goces internationaux et traites n\u00e9gri\u00e8res au XVIIIe si\u00e8cle"},"content":{"rendered":"<p><span style=\"color: #ff0000;\"><img loading=\"lazy\" decoding=\"async\" class=\"alignleft\" src=\"http:\/\/upload.wikimedia.org\/wikipedia\/commons\/b\/b7\/Vernet-port-Bordeaux.jpg\" alt=\"Afficher l'image d'origine\" width=\"204\" height=\"127\">Le premier chapitre de l&#8217;ann\u00e9e en 4\u00e8me est consacr\u00e9 au commerce international europ\u00e9en au XVIII\u00e8me si\u00e8cle.<\/span>&nbsp;On s&#8217;int\u00e9resse aux bourgeoisies marchandes qui profitent de ce commerce mais aussi aux cons\u00e9quences de celui-ci. Parmi celles-ci, les traites n\u00e9gri\u00e8res prennent une place importante.<\/p>\n<p>Voici le diaporama de <strong><span style=\"color: #008080;\">la premi\u00e8re partie sur le port de Bordeaux<\/span><\/strong> :<\/p>\n<p><iframe loading=\"lazy\" src=\"http:\/\/histoirencours.fr\/blog\/wp-content\/uploads\/saison%206\/4H1S1\/index.html\" width=\"600\" height=\"450\"><\/iframe><\/p>\n<p>Le m\u00eame en pdf pour ceux que cela int\u00e9resse en t\u00e9l\u00e9chargement <a href=\"http:\/\/histoirencours.fr\/blog\/wp-content\/uploads\/saison%206\/4H1%20S1.pdf\">ici<\/a>.<\/p>\n<p>La fiche d&#8217;exercice distribu\u00e9e est <a href=\"http:\/\/histoirencours.fr\/blog\/wp-content\/uploads\/saison%206\/Activit%c3%a9%20port%20de%20Bordeaux.docx\">ici<\/a>.<\/p>\n<p>Le diaporama de <strong><span style=\"color: #008080;\">la deuxi\u00e8me&nbsp;partie sur l\u2019enrichissement de la fa\u00e7ade atlantique et les rivalit\u00e9s europ\u00e9ennes<\/span><\/strong>&nbsp;:<\/p>\n<p><iframe loading=\"lazy\" src=\"http:\/\/histoirencours.fr\/blog\/wp-content\/uploads\/saison%206\/4eme\/4H1%20S2\/index.html\" width=\"600\" height=\"450\"><\/iframe><\/p>\n<p>Le m\u00eame en pdf pour ceux que cela int\u00e9resse en t\u00e9l\u00e9chargement <a href=\"http:\/\/histoirencours.fr\/blog\/wp-content\/uploads\/saison%206\/4eme\/4H1%20S2.pdf\" target=\"_blank\" rel=\"noopener\">ici<\/a>.<\/p>\n<p>Le diaporama de <strong><span style=\"color: #008080;\">la troisi\u00e8me&nbsp;partie sur les traites n\u00e9gri\u00e8res et l&#8217;essor de l&#8217;esclavage<\/span><\/strong>&nbsp;:<\/p>\n<p><iframe loading=\"lazy\" src=\"http:\/\/histoirencours.fr\/blog\/wp-content\/uploads\/saison%206\/4eme\/4H1S3\/index.html\" width=\"600\" height=\"450\"><\/iframe><\/p>\n<p>Le m\u00eame en pdf en t\u00e9l\u00e9chargement <a href=\"http:\/\/histoirencours.fr\/blog\/wp-content\/uploads\/saison%206\/4eme\/4H1%20S3.pdf\" target=\"_blank\" rel=\"noopener\">ici<\/a>.<\/p>\n<p><span style=\"text-decoration: underline;\"><strong><span style=\"color: #008080; text-decoration: underline;\">Pour r\u00e9viser :<\/span><\/strong><\/span><\/p>\n<ul style=\"list-style-type: square;\">\n<li>La fiche d&#8217;objectifs est <a href=\"http:\/\/histoirencours.fr\/blog\/wp-content\/uploads\/saison%206\/4eme\/4H1FO.docx\" target=\"_blank\" rel=\"noopener\">ici<\/a>.<\/li>\n<li><span style=\"color: #000000;\"><strong>Deux&nbsp;<span style=\"color: #ff0000;\">quiz&nbsp;<\/span>pour vous aider \u00e0 r\u00e9viser<\/strong> <\/span>et v\u00e9rifier que vous \u00eates pr\u00eats sur les deux premi\u00e8res parties du cours <a href=\"http:\/\/histoirencours.fr\/blog\/wp-content\/uploads\/4eme\/LEurope-dans-le-monde-Web\/index.html\" target=\"_blank\" rel=\"noopener\">ici <\/a>&nbsp;et sur la 3\u00e8me partie <a href=\"http:\/\/histoirencours.fr\/\/quizz\/Quizz4eme\/Traites-esclavage-Web\/index.html\" target=\"_blank\" rel=\"noopener\">l\u00e0<\/a>. (Ce sont les quiz de l&#8217;ancien programme mais ils restent valables \u00e0 95% bien que du coup un peu incomplet).<\/li>\n<li>une <a href=\"http:\/\/www.clg-tillion-lardy.ac-versailles.fr\/IMG\/html\/EuropeTraite.html\" target=\"_blank\" rel=\"noopener\">grille<\/a> de mots crois\u00e9s sur le vocabulaire du chapitre.<\/li>\n<\/ul>\n<p>Views: 1424<\/p>","protected":false},"excerpt":{"rendered":"<p>Le premier chapitre de l&#8217;ann\u00e9e en 4\u00e8me est consacr\u00e9 au commerce international europ\u00e9en au XVIII\u00e8me si\u00e8cle.&nbsp;On s&#8217;int\u00e9resse aux bourgeoisies marchandes qui profitent de ce commerce mais aussi aux cons\u00e9quences de celui-ci. Parmi celles-ci, les traites n\u00e9gri\u00e8res prennent une place importante. &hellip; <a href=\"https:\/\/histoirencours.fr\/blog\/?p=3829\">Continuer la lecture <span class=\"meta-nav\">&rarr;<\/span><\/a><\/p>\n","protected":false},"author":1,"featured_media":0,"comment_status":"open","ping_status":"open","sticky":false,"template":"","format":"standard","meta":{"_monsterinsights_skip_tracking":false,"_monsterinsights_sitenote_active":false,"_monsterinsights_sitenote_note":"","_monsterinsights_sitenote_category":0,"ngg_post_thumbnail":0,"footnotes":""},"categories":[23,4],"tags":[452,32,459,22,50,432,460,37],"class_list":["post-3829","post","type-post","status-publish","format-standard","hentry","category-histoire-quatrieme","category-quatrieme","tag-452","tag-4eme","tag-bourgeoisies-marchandes","tag-cours","tag-esclavage","tag-histoire","tag-negoces-internationaux","tag-traites-negrieres"],"aioseo_notices":[],"amp_enabled":true,"_links":{"self":[{"href":"https:\/\/histoirencours.fr\/blog\/index.php?rest_route=\/wp\/v2\/posts\/3829","targetHints":{"allow":["GET"]}}],"collection":[{"href":"https:\/\/histoirencours.fr\/blog\/index.php?rest_route=\/wp\/v2\/posts"}],"about":[{"href":"https:\/\/histoirencours.fr\/blog\/index.php?rest_route=\/wp\/v2\/types\/post"}],"author":[{"embeddable":true,"href":"https:\/\/histoirencours.fr\/blog\/index.php?rest_route=\/wp\/v2\/users\/1"}],"replies":[{"embeddable":true,"href":"https:\/\/histoirencours.fr\/blog\/index.php?rest_route=%2Fwp%2Fv2%2Fcomments&post=3829"}],"version-history":[{"count":18,"href":"https:\/\/histoirencours.fr\/blog\/index.php?rest_route=\/wp\/v2\/posts\/3829\/revisions"}],"predecessor-version":[{"id":4081,"href":"https:\/\/histoirencours.fr\/blog\/index.php?rest_route=\/wp\/v2\/posts\/3829\/revisions\/4081"}],"wp:attachment":[{"href":"https:\/\/histoirencours.fr\/blog\/index.php?rest_route=%2Fwp%2Fv2%2Fmedia&parent=3829"}],"wp:term":[{"taxonomy":"category","embeddable":true,"href":"https:\/\/histoirencours.fr\/blog\/index.php?rest_route=%2Fwp%2Fv2%2Fcategories&post=3829"},{"taxonomy":"post_tag","embeddable":true,"href":"https:\/\/histoirencours.fr\/blog\/index.php?rest_route=%2Fwp%2Fv2%2Ftags&post=3829"}],"curies":[{"name":"wp","href":"https:\/\/api.w.org\/{rel}","templated":true}]}}