{"id":3848,"date":"2023-09-02T19:10:00","date_gmt":"2023-09-02T17:10:00","guid":{"rendered":"http:\/\/histoirencours.fr\/blog\/?p=3848"},"modified":"2023-09-02T19:11:06","modified_gmt":"2023-09-02T17:11:06","slug":"6h1-les-debuts-de-lhumanite","status":"publish","type":"post","link":"https:\/\/histoirencours.fr\/blog\/?p=3848","title":{"rendered":"6H1 : Les d\u00e9buts de l&#8217;humanit\u00e9"},"content":{"rendered":"<div style=\"width: 210px\" class=\"wp-caption alignleft\"><img loading=\"lazy\" decoding=\"async\" src=\"https:\/\/upload.wikimedia.org\/wikipedia\/commons\/e\/e0\/Reconstruction_of_the_fossil_skeleton_of_%22Lucy%22_the_Australopithecus_afarensis.jpg\" alt=\"Lucy\" width=\"200\" height=\"483\"><p class=\"wp-caption-text\">Lucy, l&#8217;australopith\u00e8que d\u00e9couverte par Yves Coppens<\/p><\/div>\r\n<p><span style=\"color: #ff0000;\">On attaque l&#8217;ann\u00e9e avec la Pr\u00e9histoire !&nbsp; Le premier chapitre concerne les d\u00e9buts de l&#8217;humanit\u00e9.&nbsp;<\/span><\/p>\r\n<p>&nbsp;<\/p>\r\n<p><span style=\"text-decoration: underline;\"><strong><span style=\"color: #800080; text-decoration: underline;\">Les le\u00e7ons vues en classe :<\/span><\/strong><\/span><\/p>\r\n<p>Voici le diaporama <strong><span style=\"color: #008080;\">des deux premi\u00e8res parties du cours : l&#8217;apparition des premiers hommes et les hommes peuplent la Terre.<\/span><\/strong><\/p>\r\n<p><iframe loading=\"lazy\" src=\"http:\/\/histoirencours.fr\/blog\/wp-content\/uploads\/2021-2022\/6eme\/6H1S1\/index.html\" width=\"600\" height=\"450\"><\/iframe><\/p>\r\n<p>Le m\u00eame diaporama \u00e0 t\u00e9l\u00e9charger en pdf <a href=\"http:\/\/histoirencours.fr\/blog\/wp-content\/uploads\/2021-2022\/6eme\/6H1S1.pdf\">ici<\/a>.<\/p>\r\n<p>Le&nbsp;diaporama <strong><span style=\"color: #008080;\">de la derni\u00e8re partie du cours : La vie des premiers hommes<\/span><\/strong><\/p>\r\n<p><iframe loading=\"lazy\" src=\"http:\/\/histoirencours.fr\/blog\/wp-content\/uploads\/2021-2022\/6eme\/6H1S2\/index.html\" width=\"600\" height=\"450\"><\/iframe><\/p>\r\n<p>Le m\u00eame diaporama \u00e0 t\u00e9l\u00e9charger en pdf <a href=\"http:\/\/histoirencours.fr\/blog\/wp-content\/uploads\/2021-2022\/6eme\/6H1S2.pdf\">ici<\/a>.<\/p>\r\n<p><span style=\"text-decoration: underline;\"><strong><span style=\"color: #800080; text-decoration: underline;\">Pour r\u00e9viser :<\/span><\/strong><\/span><\/p>\r\n<p>La fiche d&#8217;objectifs du chapitre :<\/p>\r\n<p><iframe loading=\"lazy\" src=\"http:\/\/histoirencours.fr\/blog\/wp-content\/uploads\/2023\/6H1%20FO.pdf\" width=\"600\" height=\"450\"><span data-mce-type=\"bookmark\" style=\"display: inline-block; width: 0px; overflow: hidden; line-height: 0;\" class=\"mce_SELRES_start\">\ufeff<\/span><\/iframe><\/p>\r\n<p>&nbsp;<\/p>\r\n<p><strong><span style=\"color: #ff0000;\">Le quizz<\/span><\/strong> r\u00e9alis\u00e9 par mes soins sur ce chapitre est \u00e0 faire et refaire <a href=\"https:\/\/histoirencours.fr\/quizz\/Quizz6eme\/Prehistoire\/index.html\" target=\"_blank\" rel=\"noopener noreferrer\">ici <\/a>!<\/p>\r\n<p>Un petit quiz r\u00e9alis\u00e9 par l&#8217;Inrap \u00e0 faire <a href=\"http:\/\/multimedia.inrap.fr\/archeologie-preventive\/Ressources\/Quiz\/p-20594-La-Prehistoire-a-petits-pas.htm\" target=\"_blank\" rel=\"noopener noreferrer\">ici<\/a>.<\/p>\r\n<p>Une petite vid\u00e9o de Francetv\u00e9ducation sur les premiers hommes <a href=\"http:\/\/education.francetv.fr\/matiere\/prehistoire\/ce2\/video\/comment-est-ne-le-premier-homme-professeur-gamberge\" target=\"_blank\" rel=\"noopener noreferrer\">ici<\/a>.<\/p>\r\n\r\n<h2 class=\"wp-block-heading\">&nbsp;<\/h2>\r\n<p>Views: 4963<\/p>","protected":false},"excerpt":{"rendered":"<p>On attaque l&#8217;ann\u00e9e avec la Pr\u00e9histoire !&nbsp; Le premier chapitre concerne les d\u00e9buts de l&#8217;humanit\u00e9.&nbsp; &nbsp; Les le\u00e7ons vues en classe : Voici le diaporama des deux premi\u00e8res parties du cours : l&#8217;apparition des premiers hommes et les hommes peuplent &hellip; <a href=\"https:\/\/histoirencours.fr\/blog\/?p=3848\">Continuer la lecture <span class=\"meta-nav\">&rarr;<\/span><\/a><\/p>\n","protected":false},"author":1,"featured_media":0,"comment_status":"open","ping_status":"open","sticky":false,"template":"","format":"standard","meta":{"_monsterinsights_skip_tracking":false,"_monsterinsights_sitenote_active":false,"_monsterinsights_sitenote_note":"","_monsterinsights_sitenote_category":0,"ngg_post_thumbnail":0,"footnotes":""},"categories":[10,5],"tags":[40,22,463,432,464,462,461,26],"class_list":["post-3848","post","type-post","status-publish","format-standard","hentry","category-histoire","category-sixieme","tag-6eme","tag-cours","tag-debuts","tag-histoire","tag-humanite","tag-lucy","tag-prehistoire","tag-sixieme-2"],"aioseo_notices":[],"amp_enabled":true,"_links":{"self":[{"href":"https:\/\/histoirencours.fr\/blog\/index.php?rest_route=\/wp\/v2\/posts\/3848","targetHints":{"allow":["GET"]}}],"collection":[{"href":"https:\/\/histoirencours.fr\/blog\/index.php?rest_route=\/wp\/v2\/posts"}],"about":[{"href":"https:\/\/histoirencours.fr\/blog\/index.php?rest_route=\/wp\/v2\/types\/post"}],"author":[{"embeddable":true,"href":"https:\/\/histoirencours.fr\/blog\/index.php?rest_route=\/wp\/v2\/users\/1"}],"replies":[{"embeddable":true,"href":"https:\/\/histoirencours.fr\/blog\/index.php?rest_route=%2Fwp%2Fv2%2Fcomments&post=3848"}],"version-history":[{"count":18,"href":"https:\/\/histoirencours.fr\/blog\/index.php?rest_route=\/wp\/v2\/posts\/3848\/revisions"}],"predecessor-version":[{"id":4692,"href":"https:\/\/histoirencours.fr\/blog\/index.php?rest_route=\/wp\/v2\/posts\/3848\/revisions\/4692"}],"wp:attachment":[{"href":"https:\/\/histoirencours.fr\/blog\/index.php?rest_route=%2Fwp%2Fv2%2Fmedia&parent=3848"}],"wp:term":[{"taxonomy":"category","embeddable":true,"href":"https:\/\/histoirencours.fr\/blog\/index.php?rest_route=%2Fwp%2Fv2%2Fcategories&post=3848"},{"taxonomy":"post_tag","embeddable":true,"href":"https:\/\/histoirencours.fr\/blog\/index.php?rest_route=%2Fwp%2Fv2%2Ftags&post=3848"}],"curies":[{"name":"wp","href":"https:\/\/api.w.org\/{rel}","templated":true}]}}