{"id":404,"date":"2011-09-20T18:39:25","date_gmt":"2011-09-20T16:39:25","guid":{"rendered":"http:\/\/histoirencours.fr\/blog\/?p=404"},"modified":"2011-09-20T18:45:31","modified_gmt":"2011-09-20T16:45:31","slug":"3eme-la-premiere-guerre-mondiale-la-suite-et-la-fin-du-cours","status":"publish","type":"post","link":"https:\/\/histoirencours.fr\/blog\/?p=404","title":{"rendered":"3\u00e8me : La premi\u00e8re guerre mondiale (La suite et la fin du cours)"},"content":{"rendered":"<p>Voici la deuxi\u00e8me partie du chapitre sur la premi\u00e8re guerre mondiale : <span style=\"color: #ff0000;\">La guerre totale.<\/span><\/p>\n<p><object width=\"600\" height=\"450\" classid=\"clsid:d27cdb6e-ae6d-11cf-96b8-444553540000\" codebase=\"http:\/\/download.macromedia.com\/pub\/shockwave\/cabs\/flash\/swflash.cab#version=6,0,40,0\"><param name=\"src\" value=\"http:\/\/histoirencours.fr\/blog\/wp-content\/uploads\/3eme\/1ere_guerre_mondiale3.swf\" \/><embed width=\"600\" height=\"450\" type=\"application\/x-shockwave-flash\" src=\"http:\/\/histoirencours.fr\/blog\/wp-content\/uploads\/3eme\/1ere_guerre_mondiale3.swf\" \/><\/object><\/p>\n<p>Et la troisi\u00e8me et derni\u00e8re partie sur <span style=\"color: #ff0000;\">le bilan de la guerre.<\/span><\/p>\n<p><object width=\"600\" height=\"450\" classid=\"clsid:d27cdb6e-ae6d-11cf-96b8-444553540000\" codebase=\"http:\/\/download.macromedia.com\/pub\/shockwave\/cabs\/flash\/swflash.cab#version=6,0,40,0\"><param name=\"src\" value=\"http:\/\/histoirencours.fr\/blog\/wp-content\/uploads\/3eme\/1ere_guerre_mondiale_4bis.swf\" \/><embed width=\"600\" height=\"450\" type=\"application\/x-shockwave-flash\" src=\"http:\/\/histoirencours.fr\/blog\/wp-content\/uploads\/3eme\/1ere_guerre_mondiale_4bis.swf\" \/><\/object><\/p>\n<p>Les quelques photographies des Ardennes sont tir\u00e9es de l&#8217;ouvrage :\u00a0<strong><em>Occupations-<!--more-->Besatzungzeiten, les Ardennes (1914-1918) et la Rh\u00e9nanie (1918-1930)<\/em><\/strong>, ouvrage collectif, Terres Ardennaises et Geschichtsverein des Kreises Euskirchen, Charleville-M\u00e9zi\u00e8res et Euskirchen, 2007.<\/p>\n<p><img loading=\"lazy\" decoding=\"async\" class=\"alignleft\" src=\"http:\/\/terres.ardennaises.free.fr\/livres\/images\/Occupations_1.jpg\" alt=\"\" width=\"132\" height=\"189\" \/><\/p>\n<p>Views: 25<\/p>","protected":false},"excerpt":{"rendered":"<p>Voici la deuxi\u00e8me partie du chapitre sur la premi\u00e8re guerre mondiale : La guerre totale. Et la troisi\u00e8me et derni\u00e8re partie sur le bilan de la guerre. Les quelques photographies des Ardennes sont tir\u00e9es de l&#8217;ouvrage :\u00a0Occupations- Views: 25<\/p>\n","protected":false},"author":1,"featured_media":0,"comment_status":"closed","ping_status":"open","sticky":false,"template":"","format":"standard","meta":{"_monsterinsights_skip_tracking":false,"_monsterinsights_sitenote_active":false,"_monsterinsights_sitenote_note":"","_monsterinsights_sitenote_category":0,"ngg_post_thumbnail":0,"footnotes":""},"categories":[21,3],"tags":[49,35,22,432],"class_list":["post-404","post","type-post","status-publish","format-standard","hentry","category-histoire-troisieme","category-troisieme","tag-1ere-guerre-mondiale","tag-3eme","tag-cours","tag-histoire"],"aioseo_notices":[],"amp_enabled":true,"_links":{"self":[{"href":"https:\/\/histoirencours.fr\/blog\/index.php?rest_route=\/wp\/v2\/posts\/404","targetHints":{"allow":["GET"]}}],"collection":[{"href":"https:\/\/histoirencours.fr\/blog\/index.php?rest_route=\/wp\/v2\/posts"}],"about":[{"href":"https:\/\/histoirencours.fr\/blog\/index.php?rest_route=\/wp\/v2\/types\/post"}],"author":[{"embeddable":true,"href":"https:\/\/histoirencours.fr\/blog\/index.php?rest_route=\/wp\/v2\/users\/1"}],"replies":[{"embeddable":true,"href":"https:\/\/histoirencours.fr\/blog\/index.php?rest_route=%2Fwp%2Fv2%2Fcomments&post=404"}],"version-history":[{"count":3,"href":"https:\/\/histoirencours.fr\/blog\/index.php?rest_route=\/wp\/v2\/posts\/404\/revisions"}],"predecessor-version":[{"id":406,"href":"https:\/\/histoirencours.fr\/blog\/index.php?rest_route=\/wp\/v2\/posts\/404\/revisions\/406"}],"wp:attachment":[{"href":"https:\/\/histoirencours.fr\/blog\/index.php?rest_route=%2Fwp%2Fv2%2Fmedia&parent=404"}],"wp:term":[{"taxonomy":"category","embeddable":true,"href":"https:\/\/histoirencours.fr\/blog\/index.php?rest_route=%2Fwp%2Fv2%2Fcategories&post=404"},{"taxonomy":"post_tag","embeddable":true,"href":"https:\/\/histoirencours.fr\/blog\/index.php?rest_route=%2Fwp%2Fv2%2Ftags&post=404"}],"curies":[{"name":"wp","href":"https:\/\/api.w.org\/{rel}","templated":true}]}}