{"id":4202,"date":"2018-09-07T17:52:59","date_gmt":"2018-09-07T15:52:59","guid":{"rendered":"http:\/\/histoirencours.fr\/blog\/?p=4202"},"modified":"2018-09-07T17:53:33","modified_gmt":"2018-09-07T15:53:33","slug":"emc-terminale","status":"publish","type":"post","link":"https:\/\/histoirencours.fr\/blog\/?p=4202","title":{"rendered":"EMC Terminale"},"content":{"rendered":"<p><a href=\"https:\/\/medias.liberation.fr\/photo\/825594-susternic.jpg?modified_at=1447329671&amp;width=960\"><img loading=\"lazy\" decoding=\"async\" class=\"alignleft\" src=\"https:\/\/medias.liberation.fr\/photo\/825594-susternic.jpg?modified_at=1447329671&amp;width=960\" alt=\"\" width=\"317\" height=\"176\"><\/a><\/p>\n<p>Dans le cadre du programme d&#8217;EMC de Terminale, nous allons commencer par le th\u00e8me 2 qui concerne la bio\u00e9thique.<\/p>\n<p>La question pos\u00e9e aux \u00e9l\u00e8ves est la suivante :&nbsp;<\/p>\n<p><strong><span style=\"color: #ff0000;\">\u00ab L\u2019am\u00e9lioration de l\u2019esp\u00e8ce humaine repr\u00e9sente-t-elle un progr\u00e8s de l\u2019humanit\u00e9 ? \u00bb&nbsp;<\/span><\/strong><\/p>\n<p>A eux d&#8217;y r\u00e9pondre \u00e0 partir des ressources propos\u00e9es ici :<\/p>\n<p><iframe loading=\"lazy\" src=\"http:\/\/histoirencours.fr\/blog\/wp-content\/uploads\/lycee2018\/TES\/EMC_Tale_Bio%C3%A9thique_eleve.pdf\" width=\"600\" height=\"450\"><\/iframe><\/p>\n<p><iframe loading=\"lazy\" title=\"Humains-machines : vers un \u00e2ge des cyborgs ? | BiTS | ARTE\" width=\"640\" height=\"360\" src=\"https:\/\/www.youtube.com\/embed\/VoijOze5qoY?feature=oembed\" frameborder=\"0\" allow=\"accelerometer; autoplay; clipboard-write; encrypted-media; gyroscope; picture-in-picture; web-share\" referrerpolicy=\"strict-origin-when-cross-origin\" allowfullscreen><\/iframe><\/p>\n<p>Merci \u00e0&nbsp; <span class=\"fontstyle0\">S\u00e9bastien PERRET, professeur de Philosophie au lyc\u00e9e Ventadour \u00e0 USSEL et \u00e0<br \/>\nRomain BONNOT, professeur d\u2019Histoire-G\u00e9ographie au lyc\u00e9e Eug\u00e8ne-Jamot \u00e0 AUBUSSON<\/span>&nbsp;pour l&#8217;id\u00e9e et une partie des ressources propos\u00e9es.<\/p>\n<p>Views: 103<\/p>","protected":false},"excerpt":{"rendered":"<p>Dans le cadre du programme d&#8217;EMC de Terminale, nous allons commencer par le th\u00e8me 2 qui concerne la bio\u00e9thique. La question pos\u00e9e aux \u00e9l\u00e8ves est la suivante :&nbsp; \u00ab L\u2019am\u00e9lioration de l\u2019esp\u00e8ce humaine repr\u00e9sente-t-elle un progr\u00e8s de l\u2019humanit\u00e9 ? \u00bb&nbsp; &hellip; <a href=\"https:\/\/histoirencours.fr\/blog\/?p=4202\">Continuer la lecture <span class=\"meta-nav\">&rarr;<\/span><\/a><\/p>\n","protected":false},"author":1,"featured_media":0,"comment_status":"open","ping_status":"open","sticky":false,"template":"","format":"standard","meta":{"_monsterinsights_skip_tracking":false,"_monsterinsights_sitenote_active":false,"_monsterinsights_sitenote_note":"","_monsterinsights_sitenote_category":0,"ngg_post_thumbnail":0,"footnotes":""},"categories":[518],"tags":[522,439,523,519],"class_list":["post-4202","post","type-post","status-publish","format-standard","hentry","category-emc-terminale","tag-bioethique","tag-emc","tag-homme-augmente","tag-terminale"],"aioseo_notices":[],"amp_enabled":true,"_links":{"self":[{"href":"https:\/\/histoirencours.fr\/blog\/index.php?rest_route=\/wp\/v2\/posts\/4202","targetHints":{"allow":["GET"]}}],"collection":[{"href":"https:\/\/histoirencours.fr\/blog\/index.php?rest_route=\/wp\/v2\/posts"}],"about":[{"href":"https:\/\/histoirencours.fr\/blog\/index.php?rest_route=\/wp\/v2\/types\/post"}],"author":[{"embeddable":true,"href":"https:\/\/histoirencours.fr\/blog\/index.php?rest_route=\/wp\/v2\/users\/1"}],"replies":[{"embeddable":true,"href":"https:\/\/histoirencours.fr\/blog\/index.php?rest_route=%2Fwp%2Fv2%2Fcomments&post=4202"}],"version-history":[{"count":2,"href":"https:\/\/histoirencours.fr\/blog\/index.php?rest_route=\/wp\/v2\/posts\/4202\/revisions"}],"predecessor-version":[{"id":4280,"href":"https:\/\/histoirencours.fr\/blog\/index.php?rest_route=\/wp\/v2\/posts\/4202\/revisions\/4280"}],"wp:attachment":[{"href":"https:\/\/histoirencours.fr\/blog\/index.php?rest_route=%2Fwp%2Fv2%2Fmedia&parent=4202"}],"wp:term":[{"taxonomy":"category","embeddable":true,"href":"https:\/\/histoirencours.fr\/blog\/index.php?rest_route=%2Fwp%2Fv2%2Fcategories&post=4202"},{"taxonomy":"post_tag","embeddable":true,"href":"https:\/\/histoirencours.fr\/blog\/index.php?rest_route=%2Fwp%2Fv2%2Ftags&post=4202"}],"curies":[{"name":"wp","href":"https:\/\/api.w.org\/{rel}","templated":true}]}}