{"id":4218,"date":"2018-09-13T21:38:09","date_gmt":"2018-09-13T19:38:09","guid":{"rendered":"http:\/\/histoirencours.fr\/blog\/?p=4218"},"modified":"2018-09-19T14:03:17","modified_gmt":"2018-09-19T12:03:17","slug":"tesh1-les-memoires-lecture-historique","status":"publish","type":"post","link":"https:\/\/histoirencours.fr\/blog\/?p=4218","title":{"rendered":"TESH1 : Les m\u00e9moires, lecture historique"},"content":{"rendered":"<p><iframe loading=\"lazy\" title=\"L&#039;hommage d&#039;Andr\u00e9 Malraux \u00e0 Jean Moulin : &quot;Entre ici&quot; (19 d\u00e9cembre 1964)\" width=\"640\" height=\"360\" src=\"https:\/\/www.youtube.com\/embed\/zNA8ZlU7yaA?feature=oembed\" frameborder=\"0\" allow=\"accelerometer; autoplay; clipboard-write; encrypted-media; gyroscope; picture-in-picture; web-share\" referrerpolicy=\"strict-origin-when-cross-origin\" allowfullscreen><\/iframe><\/p>\n<p><strong><span style=\"color: #339966;\">Le chapitre introductif d&#8217;Histoire concerne les m\u00e9moires et leur lien avec l&#8217;Histoire.<\/span><\/strong><br \/>\nJ&#8217;ai choisi de travailler sur <strong><span style=\"color: #ff0000;\">les m\u00e9moires de la seconde guerre mondiale<\/span><\/strong> (le th\u00e8me est au choix avec les m\u00e9moires de la guerre d&#8217;Alg\u00e9rie).<\/p>\n<p>Voici le diaporama du chapitre :<\/p>\n<p><iframe loading=\"lazy\" src=\"http:\/\/histoirencours.fr\/blog\/wp-content\/uploads\/lycee2018\/TES\/TESH1\/index.html\" width=\"600\" height=\"450\"><\/iframe><\/p>\n<p><iframe loading=\"lazy\" src=\"http:\/\/histoirencours.fr\/blog\/wp-content\/uploads\/lycee2018\/TES\/TESH1.pdf\" width=\"600\" height=\"450\"><span data-mce-type=\"bookmark\" style=\"display: inline-block; width: 0px; overflow: hidden; line-height: 0;\" class=\"mce_SELRES_start\">\ufeff<\/span><\/iframe><\/p>\n<p><strong><span style=\"color: #008080;\">Pour r\u00e9viser ce chapitre :&nbsp;<\/span><\/strong><\/p>\n<ul>\n<li>une frise chronologie interactive de r\u00e9vision&nbsp;<a href=\"http:\/\/frasaillard.free.fr\/historien.html\">http:\/\/frasaillard.free.fr\/historien.html<\/a> sur le site de F. Saillard<\/li>\n<li>Le site <a href=\"https:\/\/www.afterclasse.fr\/exercices\/18\/l-historien-et-les-memoires-de-la-seconde-guerre-mondiale-en-france\">afterclasse<\/a> (r\u00e9sum\u00e9 du cours + petit quiz).<\/li>\n<\/ul>\n<p>En vid\u00e9os :<\/p>\n<p><iframe loading=\"lazy\" title=\"L&#039;historien et les m\u00e9moires de la 2nde Guerre mondiale - Histoire-G\u00e9o - Terminale - Les Bons Profs\" width=\"640\" height=\"360\" src=\"https:\/\/www.youtube.com\/embed\/-xVP9HemCWU?feature=oembed\" frameborder=\"0\" allow=\"accelerometer; autoplay; clipboard-write; encrypted-media; gyroscope; picture-in-picture; web-share\" referrerpolicy=\"strict-origin-when-cross-origin\" allowfullscreen><\/iframe><\/p>\n<p><iframe loading=\"lazy\" title=\"Historien et me\u0301moires  -  Histoire  -  Terminale\" width=\"640\" height=\"360\" src=\"https:\/\/www.youtube.com\/embed\/QVPwopD5bDY?feature=oembed\" frameborder=\"0\" allow=\"accelerometer; autoplay; clipboard-write; encrypted-media; gyroscope; picture-in-picture; web-share\" referrerpolicy=\"strict-origin-when-cross-origin\" allowfullscreen><\/iframe><\/p>\n<p>Views: 87<\/p>","protected":false},"excerpt":{"rendered":"<p>Le chapitre introductif d&#8217;Histoire concerne les m\u00e9moires et leur lien avec l&#8217;Histoire. J&#8217;ai choisi de travailler sur les m\u00e9moires de la seconde guerre mondiale (le th\u00e8me est au choix avec les m\u00e9moires de la guerre d&#8217;Alg\u00e9rie). Voici le diaporama du &hellip; <a href=\"https:\/\/histoirencours.fr\/blog\/?p=4218\">Continuer la lecture <span class=\"meta-nav\">&rarr;<\/span><\/a><\/p>\n","protected":false},"author":1,"featured_media":0,"comment_status":"open","ping_status":"open","sticky":false,"template":"","format":"standard","meta":{"_monsterinsights_skip_tracking":false,"_monsterinsights_sitenote_active":false,"_monsterinsights_sitenote_note":"","_monsterinsights_sitenote_category":0,"ngg_post_thumbnail":0,"footnotes":""},"categories":[516],"tags":[535,432,536,85,519],"class_list":["post-4218","post","type-post","status-publish","format-standard","hentry","category-histoire-terminale-es","tag-es","tag-histoire","tag-memoires","tag-seconde-guerre-mondiale","tag-terminale"],"aioseo_notices":[],"amp_enabled":true,"_links":{"self":[{"href":"https:\/\/histoirencours.fr\/blog\/index.php?rest_route=\/wp\/v2\/posts\/4218","targetHints":{"allow":["GET"]}}],"collection":[{"href":"https:\/\/histoirencours.fr\/blog\/index.php?rest_route=\/wp\/v2\/posts"}],"about":[{"href":"https:\/\/histoirencours.fr\/blog\/index.php?rest_route=\/wp\/v2\/types\/post"}],"author":[{"embeddable":true,"href":"https:\/\/histoirencours.fr\/blog\/index.php?rest_route=\/wp\/v2\/users\/1"}],"replies":[{"embeddable":true,"href":"https:\/\/histoirencours.fr\/blog\/index.php?rest_route=%2Fwp%2Fv2%2Fcomments&post=4218"}],"version-history":[{"count":5,"href":"https:\/\/histoirencours.fr\/blog\/index.php?rest_route=\/wp\/v2\/posts\/4218\/revisions"}],"predecessor-version":[{"id":4230,"href":"https:\/\/histoirencours.fr\/blog\/index.php?rest_route=\/wp\/v2\/posts\/4218\/revisions\/4230"}],"wp:attachment":[{"href":"https:\/\/histoirencours.fr\/blog\/index.php?rest_route=%2Fwp%2Fv2%2Fmedia&parent=4218"}],"wp:term":[{"taxonomy":"category","embeddable":true,"href":"https:\/\/histoirencours.fr\/blog\/index.php?rest_route=%2Fwp%2Fv2%2Fcategories&post=4218"},{"taxonomy":"post_tag","embeddable":true,"href":"https:\/\/histoirencours.fr\/blog\/index.php?rest_route=%2Fwp%2Fv2%2Ftags&post=4218"}],"curies":[{"name":"wp","href":"https:\/\/api.w.org\/{rel}","templated":true}]}}