{"id":4314,"date":"2019-10-25T15:41:06","date_gmt":"2019-10-25T13:41:06","guid":{"rendered":"http:\/\/histoirencours.fr\/blog\/?p=4314"},"modified":"2019-10-25T15:42:29","modified_gmt":"2019-10-25T13:42:29","slug":"2g2-developpement-et-inegalites","status":"publish","type":"post","link":"https:\/\/histoirencours.fr\/blog\/?p=4314","title":{"rendered":"2G2 : D\u00e9veloppement et in\u00e9galit\u00e9s"},"content":{"rendered":"<div id=\"attachment_4315\" style=\"width: 402px\" class=\"wp-caption alignleft\"><a href=\"http:\/\/histoirencours.fr\/blog\/wp-content\/uploads\/2019\/10\/Agriculture-l\u2019Europe-doit-elle-avoir-peur-du-Br\u00e9sil-Google-Chrome.jpg\"><img loading=\"lazy\" decoding=\"async\" aria-describedby=\"caption-attachment-4315\" class=\"wp-image-4315 \" src=\"http:\/\/histoirencours.fr\/blog\/wp-content\/uploads\/2019\/10\/Agriculture-l\u2019Europe-doit-elle-avoir-peur-du-Br\u00e9sil-Google-Chrome-300x200.jpg\" alt=\"\" width=\"392\" height=\"261\" srcset=\"https:\/\/histoirencours.fr\/blog\/wp-content\/uploads\/2019\/10\/Agriculture-l\u2019Europe-doit-elle-avoir-peur-du-Br\u00e9sil-Google-Chrome-300x200.jpg 300w, https:\/\/histoirencours.fr\/blog\/wp-content\/uploads\/2019\/10\/Agriculture-l\u2019Europe-doit-elle-avoir-peur-du-Br\u00e9sil-Google-Chrome.jpg 618w\" sizes=\"auto, (max-width: 392px) 100vw, 392px\" \/><\/a><p id=\"caption-attachment-4315\" class=\"wp-caption-text\">https:\/\/www.la-croix.com\/ Yasuyoshi Shiba\/AFP<\/p><\/div>\r\n<p>2\u00e8me chapitre de ce th\u00e8me de G\u00e9ographie consacr\u00e9 <strong>au d\u00e9veloppement et aux in\u00e9galit\u00e9s<\/strong>. Apr\u00e8s une \u00e9tude de cas sur le Br\u00e9sil, nous avons observ\u00e9 ces contrastes \u00e0 diff\u00e9rentes \u00e9chelles, puis r\u00e9fl\u00e9chi aux trajectoires de d\u00e9veloppement.&nbsp;<\/p>\r\n<p>&nbsp;<\/p>\r\n<p>&nbsp;<\/p>\r\n<p>Voici le diaporama qui a servi de support aux activit\u00e9s et au cours.<\/p>\r\n\r\n<p><iframe loading=\"lazy\" src=\"http:\/\/histoirencours.fr\/blog\/wp-content\/uploads\/Lycee2019\/2nde\/2G2\/index.html\" width=\"600\" height=\"450\"><\/iframe><\/p>\r\n<p>Ci-dessous, l&#8217;excellente vid\u00e9o du regrett\u00e9 Hans Rosling qui nous montre les extraordinaires progr\u00e8s du monde depuis 1800.&nbsp;<\/p>\r\n<p><iframe loading=\"lazy\" title=\"Les 200 pays, 200 ans et 4 minutes de Hans Rosling - La joie des stats\" width=\"640\" height=\"480\" src=\"https:\/\/www.youtube.com\/embed\/SQnTjSIFT2M?feature=oembed\" frameborder=\"0\" allow=\"accelerometer; autoplay; clipboard-write; encrypted-media; gyroscope; picture-in-picture; web-share\" referrerpolicy=\"strict-origin-when-cross-origin\" allowfullscreen><\/iframe><\/p><p>Views: 289<\/p>","protected":false},"excerpt":{"rendered":"<p>2\u00e8me chapitre de ce th\u00e8me de G\u00e9ographie consacr\u00e9 au d\u00e9veloppement et aux in\u00e9galit\u00e9s. Apr\u00e8s une \u00e9tude de cas sur le Br\u00e9sil, nous avons observ\u00e9 ces contrastes \u00e0 diff\u00e9rentes \u00e9chelles, puis r\u00e9fl\u00e9chi aux trajectoires de d\u00e9veloppement.&nbsp; &nbsp; &nbsp; Voici le diaporama &hellip; <a href=\"https:\/\/histoirencours.fr\/blog\/?p=4314\">Continuer la lecture <span class=\"meta-nav\">&rarr;<\/span><\/a><\/p>\n","protected":false},"author":1,"featured_media":0,"comment_status":"open","ping_status":"open","sticky":false,"template":"","format":"standard","meta":{"_monsterinsights_skip_tracking":false,"_monsterinsights_sitenote_active":false,"_monsterinsights_sitenote_note":"","_monsterinsights_sitenote_category":0,"ngg_post_thumbnail":0,"footnotes":""},"categories":[524,526],"tags":[575,529,227,551,457,433,581],"class_list":["post-4314","post","type-post","status-publish","format-standard","hentry","category-seconde","category-geographie-seconde","tag-575","tag-2nde","tag-bresil","tag-developpement","tag-geo","tag-geographie","tag-inegalites"],"aioseo_notices":[],"amp_enabled":true,"_links":{"self":[{"href":"https:\/\/histoirencours.fr\/blog\/index.php?rest_route=\/wp\/v2\/posts\/4314","targetHints":{"allow":["GET"]}}],"collection":[{"href":"https:\/\/histoirencours.fr\/blog\/index.php?rest_route=\/wp\/v2\/posts"}],"about":[{"href":"https:\/\/histoirencours.fr\/blog\/index.php?rest_route=\/wp\/v2\/types\/post"}],"author":[{"embeddable":true,"href":"https:\/\/histoirencours.fr\/blog\/index.php?rest_route=\/wp\/v2\/users\/1"}],"replies":[{"embeddable":true,"href":"https:\/\/histoirencours.fr\/blog\/index.php?rest_route=%2Fwp%2Fv2%2Fcomments&post=4314"}],"version-history":[{"count":3,"href":"https:\/\/histoirencours.fr\/blog\/index.php?rest_route=\/wp\/v2\/posts\/4314\/revisions"}],"predecessor-version":[{"id":4318,"href":"https:\/\/histoirencours.fr\/blog\/index.php?rest_route=\/wp\/v2\/posts\/4314\/revisions\/4318"}],"wp:attachment":[{"href":"https:\/\/histoirencours.fr\/blog\/index.php?rest_route=%2Fwp%2Fv2%2Fmedia&parent=4314"}],"wp:term":[{"taxonomy":"category","embeddable":true,"href":"https:\/\/histoirencours.fr\/blog\/index.php?rest_route=%2Fwp%2Fv2%2Fcategories&post=4314"},{"taxonomy":"post_tag","embeddable":true,"href":"https:\/\/histoirencours.fr\/blog\/index.php?rest_route=%2Fwp%2Fv2%2Ftags&post=4314"}],"curies":[{"name":"wp","href":"https:\/\/api.w.org\/{rel}","templated":true}]}}