{"id":4330,"date":"2020-03-16T16:12:26","date_gmt":"2020-03-16T15:12:26","guid":{"rendered":"http:\/\/histoirencours.fr\/blog\/?p=4330"},"modified":"2020-03-29T15:38:26","modified_gmt":"2020-03-29T13:38:26","slug":"2nde-f-consigne-n1","status":"publish","type":"post","link":"https:\/\/histoirencours.fr\/blog\/?p=4330","title":{"rendered":"2G4 (1) : Les migrations internationales"},"content":{"rendered":"<p style=\"text-align: center;\"><iframe loading=\"lazy\" src=\"https:\/\/www.youtube.com\/embed\/eWnXeZgKZFQ\" width=\"280\" height=\"160\" frameborder=\"0\" allowfullscreen=\"allowfullscreen\"><span data-mce-type=\"bookmark\" style=\"display: inline-block; width: 0px; overflow: hidden; line-height: 0;\" class=\"mce_SELRES_start\">\ufeff<\/span><\/iframe><\/p>\n<p><strong><span style=\"color: #ff0000;\">Chapitre 4 de G\u00e9ographie de l&#8217;ann\u00e9e : Les mobilit\u00e9s humaines avec la premi\u00e8re partie sur les migrations internationales.<\/span><\/strong><\/p>\n<p>En 1\u00e8re partie, une \u00e9tude de cas sur les migrations dans le bassin m\u00e9diterran\u00e9en, avec le parcours de diff\u00e9rents migrants \u00e0 r\u00e9aliser avec le logiciel en ligne <a href=\"https:\/\/storymap.knightlab.com\/\">Storymap JS.<\/a><\/p>\n<p>Le diaporama du cours avec le tutoriel notamment : en <a href=\"http:\/\/histoirencours.fr\/blog\/wp-content\/uploads\/Lycee2019\/2nde\/2G4\/2G4_1.pdf\">pdf<\/a> et visible ci-dessous :<\/p>\n<p><iframe loading=\"lazy\" src=\"http:\/\/histoirencours.fr\/blog\/wp-content\/uploads\/Lycee2019\/2nde\/2G4\/2G4_1\/index.html\" width=\"600\" height=\"450\"> <span data-mce-type=\"bookmark\" style=\"display: inline-block; width: 0px; overflow: hidden; line-height: 0;\" class=\"mce_SELRES_end\">\ufeff<\/span><span data-mce-type=\"bookmark\" style=\"display: inline-block; width: 0px; overflow: hidden; line-height: 0;\" class=\"mce_SELRES_start\">\ufeff<\/span>+ compl\u00e9ter le google drive<span data-mce-type=\"bookmark\" style=\"display: inline-block; width: 0px; overflow: hidden; line-height: 0;\" class=\"mce_SELRES_start\">\ufeff<\/span>&nbsp;<\/p>\n<p>&nbsp;<\/p>\n<p>&nbsp;<\/p>\n<p><\/iframe><\/p>\n<p>Le fichier avec tous les parcours de migrants est <a href=\"http:\/\/histoirencours.fr\/blog\/wp-content\/uploads\/Lycee2019\/2nde\/2G4\/Activit%C3%A9%20parcours%20de%20migrants%20en%20mer%20M%C3%A9diterran%C3%A9e.docx\">ici<\/a>.<\/p>\n<p><strong>Les meilleurs parcours de migrants :<\/strong><\/p>\n<p><a href=\"https:\/\/uploads.knightlab.com\/storymapjs\/977875fdf1ec2dd28dd0d2c3f626d332\/adil-refugie-du-soudan-par-roman-et-morgane\/draft.html\">Adil<\/a> ; <a href=\"https:\/\/uploads.knightlab.com\/storymapjs\/dc33e385bb7d4f2ce28b3c9c9930ceab\/adil\/draft.html\">Adil<\/a> ; <a href=\"https:\/\/uploads.knightlab.com\/storymapjs\/7c0827a415bfca32262c71c91f1177cd\/le-parcours-de-fatina-par-celio-charles\/index.html\">Fatina<\/a> ; <a href=\"https:\/\/uploads.knightlab.com\/storymapjs\/b6ac804146b64f7322b2219a8dc000eb\/ibrahim-par-lilas-et-mathilde\/index.html\">Ibrahim<\/a> ; <a href=\"https:\/\/uploads.knightlab.com\/storymapjs\/a2a9bf7feafdd19e7f94f4d5f1a9e8bd\/bahija-ewan-theo\/draft.html\">Bahija<\/a><\/p>\n<p>Pour faire l&#8217;exercice de synth\u00e8se qui devait \u00eatre r\u00e9alis\u00e9 \u00e0 partir des passages \u00e0 l&#8217;oral, vous pourrez compl\u00e9ter de mani\u00e8re collaborative le tableau r\u00e9capitulatif sur les 5 migrants <a href=\"https:\/\/docs.google.com\/document\/d\/1OTdhYxqAd9g_o7rRg-Sa-TVVe-VsZSAKg86Ym3J478s\/edit?usp=sharing\">\u00e0 cette adresse<\/a><\/p>\n<p><strong>Mise \u00e0 jour :<\/strong> correction du tableau de synth\u00e8se <a href=\"http:\/\/histoirencours.fr\/blog\/wp-content\/uploads\/Lycee2019\/2nde\/2G4\/Tableau%20r%C3%A9capitulatif%20des%20diff%C3%A9rentes%20migrations%20dans%20le%20bassin%20m%C3%A9diterran%C3%A9en.docx\">ici<\/a>.<\/p>\n<p>&nbsp;Le deuxi\u00e8me diaporama avec la mise en perspective sur les migrations dans le monde (<a href=\"http:\/\/histoirencours.fr\/blog\/wp-content\/uploads\/Lycee2019\/2nde\/2G4\/2G4_2.pdf\">en pdf<\/a>)&nbsp; :<\/p>\n<p><iframe loading=\"lazy\" src=\"http:\/\/histoirencours.fr\/blog\/wp-content\/uploads\/Lycee2019\/2nde\/2G4\/2G4_2\/index.html\" width=\"600\" height=\"450\">&nbsp;<\/p>\n<p>&nbsp;<\/p>\n<p><\/iframe><\/p>\n<p><strong>Un Exercice Quizlet<\/strong> pour r\u00e9viser le vocabulaire : <a href=\"https:\/\/quizlet.com\/_88iybw?x=1qqt&amp;i=17gaw9\" target=\"_blank\" rel=\"noopener noreferrer\">https:\/\/quizlet.com\/_88iybw?x=1qqt&amp;i=17gaw9<\/a><\/p>\n<p><em>Prenez soin de vous, de vos proches et des plus fragiles, donc r<\/em><em>estez chez vous.<\/em><\/p>\n<p>Views: 367<\/p>","protected":false},"excerpt":{"rendered":"<p>\ufeff Chapitre 4 de G\u00e9ographie de l&#8217;ann\u00e9e : Les mobilit\u00e9s humaines avec la premi\u00e8re partie sur les migrations internationales. En 1\u00e8re partie, une \u00e9tude de cas sur les migrations dans le bassin m\u00e9diterran\u00e9en, avec le parcours de diff\u00e9rents migrants \u00e0 &hellip; <a href=\"https:\/\/histoirencours.fr\/blog\/?p=4330\">Continuer la lecture <span class=\"meta-nav\">&rarr;<\/span><\/a><\/p>\n","protected":false},"author":1,"featured_media":0,"comment_status":"open","ping_status":"open","sticky":false,"template":"","format":"standard","meta":{"_monsterinsights_skip_tracking":false,"_monsterinsights_sitenote_active":false,"_monsterinsights_sitenote_note":"","_monsterinsights_sitenote_category":0,"ngg_post_thumbnail":0,"footnotes":""},"categories":[524,526],"tags":[433,583,584,585,586,140],"class_list":["post-4330","post","type-post","status-publish","format-standard","hentry","category-seconde","category-geographie-seconde","tag-geographie","tag-histoire-geographie-lycee-verlaine","tag-lycee-verlaine","tag-migrations","tag-mobilites-generalisees","tag-tourisme"],"aioseo_notices":[],"amp_enabled":true,"_links":{"self":[{"href":"https:\/\/histoirencours.fr\/blog\/index.php?rest_route=\/wp\/v2\/posts\/4330","targetHints":{"allow":["GET"]}}],"collection":[{"href":"https:\/\/histoirencours.fr\/blog\/index.php?rest_route=\/wp\/v2\/posts"}],"about":[{"href":"https:\/\/histoirencours.fr\/blog\/index.php?rest_route=\/wp\/v2\/types\/post"}],"author":[{"embeddable":true,"href":"https:\/\/histoirencours.fr\/blog\/index.php?rest_route=\/wp\/v2\/users\/1"}],"replies":[{"embeddable":true,"href":"https:\/\/histoirencours.fr\/blog\/index.php?rest_route=%2Fwp%2Fv2%2Fcomments&post=4330"}],"version-history":[{"count":7,"href":"https:\/\/histoirencours.fr\/blog\/index.php?rest_route=\/wp\/v2\/posts\/4330\/revisions"}],"predecessor-version":[{"id":4348,"href":"https:\/\/histoirencours.fr\/blog\/index.php?rest_route=\/wp\/v2\/posts\/4330\/revisions\/4348"}],"wp:attachment":[{"href":"https:\/\/histoirencours.fr\/blog\/index.php?rest_route=%2Fwp%2Fv2%2Fmedia&parent=4330"}],"wp:term":[{"taxonomy":"category","embeddable":true,"href":"https:\/\/histoirencours.fr\/blog\/index.php?rest_route=%2Fwp%2Fv2%2Fcategories&post=4330"},{"taxonomy":"post_tag","embeddable":true,"href":"https:\/\/histoirencours.fr\/blog\/index.php?rest_route=%2Fwp%2Fv2%2Ftags&post=4330"}],"curies":[{"name":"wp","href":"https:\/\/api.w.org\/{rel}","templated":true}]}}