{"id":4385,"date":"2023-09-14T17:12:45","date_gmt":"2023-09-14T15:12:45","guid":{"rendered":"http:\/\/histoirencours.fr\/blog\/?p=4385"},"modified":"2023-09-14T17:15:40","modified_gmt":"2023-09-14T15:15:40","slug":"3h1-civils-et-militaires-dans-la-premiere-guerre-mondiale-2","status":"publish","type":"post","link":"https:\/\/histoirencours.fr\/blog\/?p=4385","title":{"rendered":"3H1 : Civils et militaires dans la Premi\u00e8re Guerre mondiale"},"content":{"rendered":"<div style=\"width: 475px\" class=\"wp-caption alignleft\"><img loading=\"lazy\" decoding=\"async\" src=\"https:\/\/pbs.twimg.com\/media\/CfR3MeGXEAAAA7i.jpg\" alt=\"photographie personnelle libre de droit\" width=\"465\" height=\"350\"><p class=\"wp-caption-text\">Cimeti\u00e8re am\u00e9ricain de Romagne-sous-Montfaucon<\/p><\/div>\n<p>Le premier th\u00e8me d&#8217;Histoire de l&#8217;ann\u00e9e s&#8217;intitule <strong><span style=\"color: #ff0000;\">&#8221;&nbsp;L&#8217;Europe, un th\u00e9\u00e2tre majeur des guerres totales (1914- 1945)&#8221;<\/span><\/strong>. Il inclut les deux guerres mondiales.<\/p>\n<p><strong><span style=\"color: #ff0000;\">Le chapitre 1 concerne les civils et les militaires dans la Premi\u00e8re Guerre mondiale.&nbsp;<\/span><\/strong><\/p>\n<p>J&#8217;ai divis\u00e9 ce chapitre en 3 grandes parties que vous pouvez retrouver ci-dessous :<\/p>\n<p><strong><span style=\"color: #008080;\">1\u00e8re partie : Une guerre d\u2019une violence extr\u00eame&nbsp;<\/span><\/strong><\/p>\n<p><iframe loading=\"lazy\" src=\"http:\/\/histoirencours.fr\/blog\/wp-content\/uploads\/2020-2021\/3%C3%A8me\/3H1_S1.pdf\" width=\"600\" height=\"450\" data-mce-fragment=\"1\"><\/iframe><\/p>\n<p>&nbsp;<\/p>\n<p><strong><span style=\"color: #008080;\">La 2\u00e8me partie sur les civils touch\u00e9s par la guerre<\/span><\/strong><\/p>\n<p><iframe loading=\"lazy\" src=\"http:\/\/histoirencours.fr\/blog\/wp-content\/uploads\/2020-2021\/3%C3%A8me\/3H1_S2.pdf\" width=\"600\" height=\"450\" data-mce-fragment=\"1\"><\/iframe><\/p>\n<p><strong><span style=\"color: #008080;\">La 3\u00e8me partie sur les bouleversements politiques de la guerre<\/span><\/strong><\/p>\n<p><iframe loading=\"lazy\" src=\"http:\/\/histoirencours.fr\/blog\/wp-content\/uploads\/2020-2021\/3%C3%A8me\/3H1_S3.pdf\" width=\"600\" height=\"450\" data-mce-fragment=\"1\"><span data-mce-type=\"bookmark\" style=\"display: inline-block; width: 0px; overflow: hidden; line-height: 0;\" class=\"mce_SELRES_start\">\ufeff<\/span><\/iframe><\/p>\n<p><span style=\"text-decoration: underline;\"><strong><span style=\"color: #008080; text-decoration: underline;\">Pour r\u00e9viser le chapitre :&nbsp;<\/span><\/strong><\/span><\/p>\n<ul>\n<li>un tr\u00e8s bon <strong><span style=\"color: #ff0000;\">quiz<\/span> <\/strong>de Martial Berthot \u00e0 retrouver <a href=\"http:\/\/martial.berthot.free.fr\/questionnairenetquiz\/3emehistoire\/1egm2012\/index.html\" target=\"_blank\" rel=\"noopener noreferrer\">ici<\/a>.<\/li>\n<\/ul>\n<div style=\"font-size: 10px; font-family: Arial, Helvetica, sans-serif; text-align: left;\"><a title=\"La Premi\u00e8re Guerre mondiale\" href=\"https:\/\/www.proprofs.com\/quiz-school\/story.php?title=la-premire-guerre-mondiale_1\" target=\"_blank\" rel=\"noopener noreferrer\">La Premi\u00e8re Guerre mondiale<\/a>&nbsp;\u00bb<\/div>\n<p><strong>R\u00e9viser les mots<\/strong> du chapitre ci-dessous (vous avez juste \u00e0 taper la r\u00e9ponse dans les bonnes cases.<\/p>\n<p><iframe loading=\"lazy\" src=\"https:\/\/fr.educaplay.com\/jeu\/6988633-mots_1ere_guerre_mondiale.html\" width=\"795\" height=\"690\" frameborder=\"0\"><\/iframe><\/p>\n<p><strong>Des exercices r\u00e9alis\u00e9s par un coll\u00e8gue anonyme avec Learning apps dont deux textes \u00e0 trous<\/strong> :&nbsp;<br \/>\n<iframe style=\"border: 0px; width: 100%; height: 500px;\" src=\"https:\/\/learningapps.org\/watch?app=2563896\"><\/iframe><\/p>\n<p><iframe style=\"border: 0px; width: 100%; height: 500px;\" src=\"https:\/\/learningapps.org\/watch?app=2546424\"><\/iframe><br \/>\n<strong>&nbsp;Une s\u00e9rie d&#8217;exercices<\/strong> de niveau difficile sur la guerre :<br \/>\n<iframe style=\"border: 0px; width: 100%; height: 500px;\" src=\"https:\/\/learningapps.org\/watch?app=5561288\"><\/iframe><br \/>\n&nbsp;<\/p>\n<p><strong>Lumni<\/strong>, \u00e9dit\u00e9 par&nbsp; France TV, propose de nombreux contenus sur la premi\u00e8re guerre mondiale (<strong>nombreuses vid\u00e9os<\/strong> notamment) <a href=\"https:\/\/www.lumni.fr\/dossier\/la-guerre-de-1914-1918-premiere-guerre-mondiale\">ici<\/a>.<a href=\"http:\/\/education.francetv.fr\/dossier\/la-guerre-de-1914-1918-premiere-guerre-mondiale-o10686\/#xtor=EPR-191112-[Newsletter Francetv education]-20131030\"><br \/>\n<\/a><br \/>\n<strong><span style=\"text-decoration: underline;\">Remarque<\/span> <\/strong>:&nbsp;Les quelques photographies des Ardennes sont tir\u00e9es de l\u2019ouvrage :&nbsp;<strong><em>Occupations-<span id=\"more-404\"><\/span>Besatzungzeiten, les Ardennes (1914-1918) et la Rh\u00e9nanie (1918-1930)<\/em><\/strong>, ouvrage collectif, Terres Ardennaises et Geschichtsverein des Kreises Euskirchen, Charleville-M\u00e9zi\u00e8res et Euskirchen, 2007.<\/p>\n<p>Views: 1038<\/p>","protected":false},"excerpt":{"rendered":"<p>Le premier th\u00e8me d&#8217;Histoire de l&#8217;ann\u00e9e s&#8217;intitule &#8221;&nbsp;L&#8217;Europe, un th\u00e9\u00e2tre majeur des guerres totales (1914- 1945)&#8221;. Il inclut les deux guerres mondiales. Le chapitre 1 concerne les civils et les militaires dans la Premi\u00e8re Guerre mondiale.&nbsp; J&#8217;ai divis\u00e9 ce chapitre &hellip; <a href=\"https:\/\/histoirencours.fr\/blog\/?p=4385\">Continuer la lecture <span class=\"meta-nav\">&rarr;<\/span><\/a><\/p>\n","protected":false},"author":1,"featured_media":2856,"comment_status":"open","ping_status":"open","sticky":false,"template":"","format":"standard","meta":{"_monsterinsights_skip_tracking":false,"_monsterinsights_sitenote_active":false,"_monsterinsights_sitenote_note":"","_monsterinsights_sitenote_category":0,"ngg_post_thumbnail":0,"footnotes":""},"categories":[21,3],"tags":[49,35,465,249,432,466,629],"class_list":["post-4385","post","type-post","status-publish","format-standard","has-post-thumbnail","hentry","category-histoire-troisieme","category-troisieme","tag-1ere-guerre-mondiale","tag-3eme","tag-civils","tag-college","tag-histoire","tag-militaires","tag-soldats"],"aioseo_notices":[],"amp_enabled":true,"_links":{"self":[{"href":"https:\/\/histoirencours.fr\/blog\/index.php?rest_route=\/wp\/v2\/posts\/4385","targetHints":{"allow":["GET"]}}],"collection":[{"href":"https:\/\/histoirencours.fr\/blog\/index.php?rest_route=\/wp\/v2\/posts"}],"about":[{"href":"https:\/\/histoirencours.fr\/blog\/index.php?rest_route=\/wp\/v2\/types\/post"}],"author":[{"embeddable":true,"href":"https:\/\/histoirencours.fr\/blog\/index.php?rest_route=\/wp\/v2\/users\/1"}],"replies":[{"embeddable":true,"href":"https:\/\/histoirencours.fr\/blog\/index.php?rest_route=%2Fwp%2Fv2%2Fcomments&post=4385"}],"version-history":[{"count":6,"href":"https:\/\/histoirencours.fr\/blog\/index.php?rest_route=\/wp\/v2\/posts\/4385\/revisions"}],"predecessor-version":[{"id":4581,"href":"https:\/\/histoirencours.fr\/blog\/index.php?rest_route=\/wp\/v2\/posts\/4385\/revisions\/4581"}],"wp:featuredmedia":[{"embeddable":true,"href":"https:\/\/histoirencours.fr\/blog\/index.php?rest_route=\/wp\/v2\/media\/2856"}],"wp:attachment":[{"href":"https:\/\/histoirencours.fr\/blog\/index.php?rest_route=%2Fwp%2Fv2%2Fmedia&parent=4385"}],"wp:term":[{"taxonomy":"category","embeddable":true,"href":"https:\/\/histoirencours.fr\/blog\/index.php?rest_route=%2Fwp%2Fv2%2Fcategories&post=4385"},{"taxonomy":"post_tag","embeddable":true,"href":"https:\/\/histoirencours.fr\/blog\/index.php?rest_route=%2Fwp%2Fv2%2Ftags&post=4385"}],"curies":[{"name":"wp","href":"https:\/\/api.w.org\/{rel}","templated":true}]}}