{"id":721,"date":"2011-11-02T18:11:41","date_gmt":"2011-11-02T17:11:41","guid":{"rendered":"http:\/\/histoirencours.fr\/blog\/?p=721"},"modified":"2011-11-02T18:13:15","modified_gmt":"2011-11-02T17:13:15","slug":"3eme-la-crise-des-annees-1930-la-crise-en-france-le-cours","status":"publish","type":"post","link":"https:\/\/histoirencours.fr\/blog\/?p=721","title":{"rendered":"3\u00e8me : La crise des ann\u00e9es 1930. La crise en France (le cours)"},"content":{"rendered":"<p>La premi\u00e8re partie du cours sur la <span style=\"color: #ff0000;\">crise des ann\u00e9es 1930<\/span> est consacr\u00e9e \u00e0 <span style=\"color: #ff0000;\">la France<\/span>. Comment a-t-elle \u00e9t\u00e9 touch\u00e9e par la crise ? Quelles ont \u00e9t\u00e9 les cons\u00e9quences et comment le <span style=\"color: #ff0000;\">Front populaire<\/span> a-t-il tent\u00e9 d&#8217;y rem\u00e9dier ?<\/p>\n<p><object width=\"600\" height=\"450\" classid=\"clsid:d27cdb6e-ae6d-11cf-96b8-444553540000\" codebase=\"http:\/\/download.macromedia.com\/pub\/shockwave\/cabs\/flash\/swflash.cab#version=6,0,40,0\"><param name=\"src\" value=\"http:\/\/histoirencours.fr\/blog\/wp-content\/uploads\/3eme\/Front_populaire.swf\" \/><embed width=\"600\" height=\"450\" type=\"application\/x-shockwave-flash\" src=\"http:\/\/histoirencours.fr\/blog\/wp-content\/uploads\/3eme\/Front_populaire.swf\" \/><\/object><\/p>\n<p>Pour compl\u00e9ter le cours, quelques <span style=\"color: #ff0000;\">vid\u00e9os<\/span> :<\/p>\n<p>un petit documentaire sur le<span style=\"color: #ff0000;\"> 6 f\u00e9vrier 1934<\/span> :<\/p>\n<p><iframe loading=\"lazy\" src=\"http:\/\/www.youtube.com\/embed\/L9B6PEDkC1Q\" frameborder=\"0\" width=\"420\" height=\"315\"><\/iframe><\/p>\n<p>La <span style=\"color: #ff0000;\">vid\u00e9o vue en cours<\/span> (il manque deux minutes \u00e0 la fin) :<\/p>\n<div><object id=\"wat_4459205\" width=\"480\" height=\"270\" classid=\"clsid:d27cdb6e-ae6d-11cf-96b8-444553540000\" codebase=\"http:\/\/download.macromedia.com\/pub\/shockwave\/cabs\/flash\/swflash.cab#version=6,0,40,0\"><param name=\"allowFullScreen\" value=\"true\" \/><param name=\"allowScriptAccess\" value=\"always\" \/><param name=\"src\" value=\"http:\/\/www.wat.tv\/swf2\/117756nIc0K114459205\" \/><param name=\"allowscriptaccess\" value=\"always\" \/><param name=\"allowfullscreen\" value=\"true\" \/><embed id=\"wat_4459205\" width=\"480\" height=\"270\" type=\"application\/x-shockwave-flash\" src=\"http:\/\/www.wat.tv\/swf2\/117756nIc0K114459205\" allowFullScreen=\"true\" allowScriptAccess=\"always\" allowscriptaccess=\"always\" allowfullscreen=\"true\" \/><\/object><\/div>\n<div class=\"watlinks\" style=\"width: 480px; font-size: 11px; background: #CCCCCC; padding: 2px 0 4px 0; text-align: center;\"><a class=\"waturl\" title=\"Vid\u00e9o Le front Populaire Mai 1936 sur wat.tv\" href=\"http:\/\/www.wat.tv\/video\/front-populaire-mai-1936-2nkqt_2eyrb_.html\" target=\"_blank\"><strong>Le front Populaire Mai 1936<\/strong><\/a> Vid\u00e9o <a class=\"waturl altuser\" title=\"Retrouvez toutes les vid\u00e9os josepha45 sur wat.tv\" href=\"http:\/\/www.wat.tv\/josepha45\">josepha45<\/a> s\u00e9lectionn\u00e9e dans <a class=\"waturl alttheme\" title=\"Toutes les vid\u00e9os Actualit\u00e9 sont sur wat.tv\" href=\"http:\/\/www.wat.tv\/guide\/actualite-info\">Actualit\u00e9<\/a><\/div>\n<p>&nbsp;<\/p>\n<p>Views: 62<\/p>","protected":false},"excerpt":{"rendered":"<p>La premi\u00e8re partie du cours sur la crise des ann\u00e9es 1930 est consacr\u00e9e \u00e0 la France. Comment a-t-elle \u00e9t\u00e9 touch\u00e9e par la crise ? Quelles ont \u00e9t\u00e9 les cons\u00e9quences et comment le Front populaire a-t-il tent\u00e9 d&#8217;y rem\u00e9dier ? Pour &hellip; <a href=\"https:\/\/histoirencours.fr\/blog\/?p=721\">Continuer la lecture <span class=\"meta-nav\">&rarr;<\/span><\/a><\/p>\n","protected":false},"author":1,"featured_media":0,"comment_status":"open","ping_status":"open","sticky":false,"template":"","format":"standard","meta":{"_monsterinsights_skip_tracking":false,"_monsterinsights_sitenote_active":false,"_monsterinsights_sitenote_note":"","_monsterinsights_sitenote_category":0,"ngg_post_thumbnail":0,"footnotes":""},"categories":[21,3],"tags":[35,91,22,90,432,73],"class_list":["post-721","post","type-post","status-publish","format-standard","hentry","category-histoire-troisieme","category-troisieme","tag-3eme","tag-annees-1930","tag-cours","tag-crise","tag-histoire","tag-videos"],"aioseo_notices":[],"amp_enabled":true,"_links":{"self":[{"href":"https:\/\/histoirencours.fr\/blog\/index.php?rest_route=\/wp\/v2\/posts\/721","targetHints":{"allow":["GET"]}}],"collection":[{"href":"https:\/\/histoirencours.fr\/blog\/index.php?rest_route=\/wp\/v2\/posts"}],"about":[{"href":"https:\/\/histoirencours.fr\/blog\/index.php?rest_route=\/wp\/v2\/types\/post"}],"author":[{"embeddable":true,"href":"https:\/\/histoirencours.fr\/blog\/index.php?rest_route=\/wp\/v2\/users\/1"}],"replies":[{"embeddable":true,"href":"https:\/\/histoirencours.fr\/blog\/index.php?rest_route=%2Fwp%2Fv2%2Fcomments&post=721"}],"version-history":[{"count":3,"href":"https:\/\/histoirencours.fr\/blog\/index.php?rest_route=\/wp\/v2\/posts\/721\/revisions"}],"predecessor-version":[{"id":723,"href":"https:\/\/histoirencours.fr\/blog\/index.php?rest_route=\/wp\/v2\/posts\/721\/revisions\/723"}],"wp:attachment":[{"href":"https:\/\/histoirencours.fr\/blog\/index.php?rest_route=%2Fwp%2Fv2%2Fmedia&parent=721"}],"wp:term":[{"taxonomy":"category","embeddable":true,"href":"https:\/\/histoirencours.fr\/blog\/index.php?rest_route=%2Fwp%2Fv2%2Fcategories&post=721"},{"taxonomy":"post_tag","embeddable":true,"href":"https:\/\/histoirencours.fr\/blog\/index.php?rest_route=%2Fwp%2Fv2%2Ftags&post=721"}],"curies":[{"name":"wp","href":"https:\/\/api.w.org\/{rel}","templated":true}]}}