{"id":801,"date":"2011-11-15T15:48:16","date_gmt":"2011-11-15T14:48:16","guid":{"rendered":"http:\/\/histoirencours.fr\/blog\/?p=801"},"modified":"2011-11-15T19:50:31","modified_gmt":"2011-11-15T18:50:31","slug":"3eme-fin-du-cours-sur-lallemagne-nazie-sur-la-marche-a-la-guerre","status":"publish","type":"post","link":"https:\/\/histoirencours.fr\/blog\/?p=801","title":{"rendered":"3\u00e8me : fin du cours sur l&#8217;Allemagne nazie (la marche \u00e0 la guerre)"},"content":{"rendered":"<p><a href=\"http:\/\/histoirencours.fr\/blog\/wp-content\/uploads\/2011\/11\/panzer-II_2.jpg\"><img loading=\"lazy\" decoding=\"async\" class=\"alignleft size-full wp-image-802\" title=\"OLYMPUS DIGITAL CAMERA\" src=\"http:\/\/histoirencours.fr\/blog\/wp-content\/uploads\/2011\/11\/panzer-II_2.jpg\" alt=\"\" width=\"269\" height=\"202\" srcset=\"https:\/\/histoirencours.fr\/blog\/wp-content\/uploads\/2011\/11\/panzer-II_2.jpg 448w, https:\/\/histoirencours.fr\/blog\/wp-content\/uploads\/2011\/11\/panzer-II_2-300x224.jpg 300w\" sizes=\"auto, (max-width: 269px) 100vw, 269px\" \/><\/a>Pour conclure sur <span style=\"color: #ff0000;\">les crises des ann\u00e9es 1930<\/span>, la troisi\u00e8me partie sur <span style=\"color: #ff0000;\">l&#8217;Allemagne nazie<\/span> aborde la mani\u00e8re dont les d\u00e9cisions d&#8217;Hitler et les r\u00e9actions (et l&#8217;absence de r\u00e9actions) des pays voisins vont <span style=\"color: #ff0000;\">amener la seconde guerre mondiale.<\/span><\/p>\n<p><object width=\"600\" height=\"450\" classid=\"clsid:d27cdb6e-ae6d-11cf-96b8-444553540000\" codebase=\"http:\/\/download.macromedia.com\/pub\/shockwave\/cabs\/flash\/swflash.cab#version=6,0,40,0\"><param name=\"src\" value=\"http:\/\/histoirencours.fr\/blog\/wp-content\/uploads\/3eme\/nazisme3.swf\" \/><embed width=\"600\" height=\"450\" type=\"application\/x-shockwave-flash\" src=\"http:\/\/histoirencours.fr\/blog\/wp-content\/uploads\/3eme\/nazisme3.swf\" \/><\/object><\/p>\n<p>Nous avons regard\u00e9 en classe un extrait de <span style=\"color: #008080;\">Apocalypse, La Seconde guerre mondiale. Partie 1. L&#8217;agression.<\/span> Cet extrait montrait les diff\u00e9rentes annexions qui m\u00e8nent \u00e0 la guerre.<\/p>\n<p>Voici le site ressources de France 2 consacr\u00e9 \u00e0 ce documentaire en 6 \u00e9pisodes qui va de l&#8217;agression allemande \u00e0 la d\u00e9faite nazie de 1945 <a href=\"http:\/\/programmes.france2.fr\/apocalypse-seconde-guerre-mondiale\/\">http:\/\/programmes.france2.fr\/apocalypse-seconde-guerre-mondiale\/<\/a><\/p>\n<p>Voici<span style=\"color: #ff0000;\"> les deux premi\u00e8res parties<\/span> de ce documentaire de Costelle et Clarke (avec 5 minutes avant et apr\u00e8s l&#8217;extrait vu en classe).<\/p>\n<p><iframe loading=\"lazy\" src=\"http:\/\/www.youtube.com\/embed\/BxyfnNFa1VY\" frameborder=\"0\" width=\"560\" height=\"315\"><\/iframe><\/p>\n<p><iframe loading=\"lazy\" src=\"http:\/\/www.youtube.com\/embed\/zEBA9ZczfIQ\" frameborder=\"0\" width=\"560\" height=\"315\"><\/iframe><\/p>\n<p>Views: 54<\/p>","protected":false},"excerpt":{"rendered":"<p>Pour conclure sur les crises des ann\u00e9es 1930, la troisi\u00e8me partie sur l&#8217;Allemagne nazie aborde la mani\u00e8re dont les d\u00e9cisions d&#8217;Hitler et les r\u00e9actions (et l&#8217;absence de r\u00e9actions) des pays voisins vont amener la seconde guerre mondiale. Nous avons regard\u00e9 &hellip; <a href=\"https:\/\/histoirencours.fr\/blog\/?p=801\">Continuer la lecture <span class=\"meta-nav\">&rarr;<\/span><\/a><\/p>\n","protected":false},"author":1,"featured_media":0,"comment_status":"open","ping_status":"open","sticky":false,"template":"","format":"standard","meta":{"_monsterinsights_skip_tracking":false,"_monsterinsights_sitenote_active":false,"_monsterinsights_sitenote_note":"","_monsterinsights_sitenote_category":0,"ngg_post_thumbnail":0,"footnotes":""},"categories":[21,3],"tags":[35,22,90,432,100,102],"class_list":["post-801","post","type-post","status-publish","format-standard","hentry","category-histoire-troisieme","category-troisieme","tag-3eme","tag-cours","tag-crise","tag-histoire","tag-hitler","tag-nazisme"],"aioseo_notices":[],"amp_enabled":true,"_links":{"self":[{"href":"https:\/\/histoirencours.fr\/blog\/index.php?rest_route=\/wp\/v2\/posts\/801","targetHints":{"allow":["GET"]}}],"collection":[{"href":"https:\/\/histoirencours.fr\/blog\/index.php?rest_route=\/wp\/v2\/posts"}],"about":[{"href":"https:\/\/histoirencours.fr\/blog\/index.php?rest_route=\/wp\/v2\/types\/post"}],"author":[{"embeddable":true,"href":"https:\/\/histoirencours.fr\/blog\/index.php?rest_route=\/wp\/v2\/users\/1"}],"replies":[{"embeddable":true,"href":"https:\/\/histoirencours.fr\/blog\/index.php?rest_route=%2Fwp%2Fv2%2Fcomments&post=801"}],"version-history":[{"count":4,"href":"https:\/\/histoirencours.fr\/blog\/index.php?rest_route=\/wp\/v2\/posts\/801\/revisions"}],"predecessor-version":[{"id":806,"href":"https:\/\/histoirencours.fr\/blog\/index.php?rest_route=\/wp\/v2\/posts\/801\/revisions\/806"}],"wp:attachment":[{"href":"https:\/\/histoirencours.fr\/blog\/index.php?rest_route=%2Fwp%2Fv2%2Fmedia&parent=801"}],"wp:term":[{"taxonomy":"category","embeddable":true,"href":"https:\/\/histoirencours.fr\/blog\/index.php?rest_route=%2Fwp%2Fv2%2Fcategories&post=801"},{"taxonomy":"post_tag","embeddable":true,"href":"https:\/\/histoirencours.fr\/blog\/index.php?rest_route=%2Fwp%2Fv2%2Ftags&post=801"}],"curies":[{"name":"wp","href":"https:\/\/api.w.org\/{rel}","templated":true}]}}