{"id":979,"date":"2012-01-04T22:35:50","date_gmt":"2012-01-04T21:35:50","guid":{"rendered":"http:\/\/histoirencours.fr\/blog\/?p=979"},"modified":"2012-01-04T22:37:32","modified_gmt":"2012-01-04T21:37:32","slug":"3eme-leurope-nazie","status":"publish","type":"post","link":"https:\/\/histoirencours.fr\/blog\/?p=979","title":{"rendered":"3\u00e8me : L&#8217;Europe nazie"},"content":{"rendered":"<p>La deuxi\u00e8me partie du chapitre sur <span style=\"color: #ff0000;\">la seconde guerre mondiale<\/span> est consacr\u00e9e \u00e0 <span style=\"color: #ff0000;\">l&#8217;Europe occup\u00e9e par les nazis.<\/span> On s&#8217;est int\u00e9ress\u00e9 aux conditions de vie des populations occup\u00e9es et aux <span style=\"color: #ff0000;\">violences faites par l&#8217;occupant<\/span>. Je reviendrais plus en d\u00e9tail dans un article \u00e0 venir sur les camps nazis et le g\u00e9nocide juif.<\/p>\n<p><object width=\"600\" height=\"450\" classid=\"clsid:d27cdb6e-ae6d-11cf-96b8-444553540000\" codebase=\"http:\/\/download.macromedia.com\/pub\/shockwave\/cabs\/flash\/swflash.cab#version=6,0,40,0\"><param name=\"src\" value=\"http:\/\/histoirencours.fr\/blog\/wp-content\/uploads\/3eme\/2nde_guerre_mondiale_2.swf\" \/><embed width=\"600\" height=\"450\" type=\"application\/x-shockwave-flash\" src=\"http:\/\/histoirencours.fr\/blog\/wp-content\/uploads\/3eme\/2nde_guerre_mondiale_2.swf\" \/><\/object><\/p>\n<p>Un petit lien pour ne pas laisser ce diaporama seul au milieu de l&#8217;article. Le site d&#8217;Arte sur <span style=\"color: #008080;\">la s\u00e9rie documentaire consacr\u00e9e aux r\u00e9sistants europ\u00e9ens<\/span> diffus\u00e9e cette ann\u00e9e <a href=\"http:\/\/lescombattantsdelombre.arte.tv\/\">http:\/\/lescombattantsdelombre.arte.tv\/<\/a>\u00a0De nombreux t\u00e9moignages \u00e0 regarder.<\/p>\n<p style=\"text-align: center;\"><a href=\"http:\/\/histoirencours.fr\/blog\/wp-content\/uploads\/2012\/01\/combattants-ombre-arte.jpg\"><img loading=\"lazy\" decoding=\"async\" class=\"wp-image-980 aligncenter\" title=\"Les combattants de l'ombre Arte (capture d'\u00e9cran)\" src=\"http:\/\/histoirencours.fr\/blog\/wp-content\/uploads\/2012\/01\/combattants-ombre-arte.jpg\" alt=\"\" width=\"479\" height=\"172\" srcset=\"https:\/\/histoirencours.fr\/blog\/wp-content\/uploads\/2012\/01\/combattants-ombre-arte.jpg 997w, https:\/\/histoirencours.fr\/blog\/wp-content\/uploads\/2012\/01\/combattants-ombre-arte-300x107.jpg 300w\" sizes=\"auto, (max-width: 479px) 100vw, 479px\" \/><\/a><\/p>\n<p>Views: 72<\/p>","protected":false},"excerpt":{"rendered":"<p>La deuxi\u00e8me partie du chapitre sur la seconde guerre mondiale est consacr\u00e9e \u00e0 l&#8217;Europe occup\u00e9e par les nazis. On s&#8217;est int\u00e9ress\u00e9 aux conditions de vie des populations occup\u00e9es et aux violences faites par l&#8217;occupant. Je reviendrais plus en d\u00e9tail dans &hellip; <a href=\"https:\/\/histoirencours.fr\/blog\/?p=979\">Continuer la lecture <span class=\"meta-nav\">&rarr;<\/span><\/a><\/p>\n","protected":false},"author":1,"featured_media":0,"comment_status":"open","ping_status":"open","sticky":false,"template":"","format":"standard","meta":{"_monsterinsights_skip_tracking":false,"_monsterinsights_sitenote_active":false,"_monsterinsights_sitenote_note":"","_monsterinsights_sitenote_category":0,"ngg_post_thumbnail":0,"footnotes":""},"categories":[21,3],"tags":[35,22,94,432,143,84,85],"class_list":["post-979","post","type-post","status-publish","format-standard","hentry","category-histoire-troisieme","category-troisieme","tag-3eme","tag-cours","tag-europe","tag-histoire","tag-occupation","tag-resistance","tag-seconde-guerre-mondiale"],"aioseo_notices":[],"amp_enabled":true,"_links":{"self":[{"href":"https:\/\/histoirencours.fr\/blog\/index.php?rest_route=\/wp\/v2\/posts\/979","targetHints":{"allow":["GET"]}}],"collection":[{"href":"https:\/\/histoirencours.fr\/blog\/index.php?rest_route=\/wp\/v2\/posts"}],"about":[{"href":"https:\/\/histoirencours.fr\/blog\/index.php?rest_route=\/wp\/v2\/types\/post"}],"author":[{"embeddable":true,"href":"https:\/\/histoirencours.fr\/blog\/index.php?rest_route=\/wp\/v2\/users\/1"}],"replies":[{"embeddable":true,"href":"https:\/\/histoirencours.fr\/blog\/index.php?rest_route=%2Fwp%2Fv2%2Fcomments&post=979"}],"version-history":[{"count":3,"href":"https:\/\/histoirencours.fr\/blog\/index.php?rest_route=\/wp\/v2\/posts\/979\/revisions"}],"predecessor-version":[{"id":982,"href":"https:\/\/histoirencours.fr\/blog\/index.php?rest_route=\/wp\/v2\/posts\/979\/revisions\/982"}],"wp:attachment":[{"href":"https:\/\/histoirencours.fr\/blog\/index.php?rest_route=%2Fwp%2Fv2%2Fmedia&parent=979"}],"wp:term":[{"taxonomy":"category","embeddable":true,"href":"https:\/\/histoirencours.fr\/blog\/index.php?rest_route=%2Fwp%2Fv2%2Fcategories&post=979"},{"taxonomy":"post_tag","embeddable":true,"href":"https:\/\/histoirencours.fr\/blog\/index.php?rest_route=%2Fwp%2Fv2%2Ftags&post=979"}],"curies":[{"name":"wp","href":"https:\/\/api.w.org\/{rel}","templated":true}]}}