{"id":986,"date":"2012-01-05T22:02:32","date_gmt":"2012-01-05T21:02:32","guid":{"rendered":"http:\/\/histoirencours.fr\/blog\/?p=986"},"modified":"2012-01-05T22:04:23","modified_gmt":"2012-01-05T21:04:23","slug":"3eme-les-camps-et-le-genocide-juif-les-films-de-cinema","status":"publish","type":"post","link":"https:\/\/histoirencours.fr\/blog\/?p=986","title":{"rendered":"3\u00e8me : les camps et le g\u00e9nocide juif (les films de cin\u00e9ma)"},"content":{"rendered":"<p>Toujours pour compl\u00e9ter la le\u00e7on sur\u00a0<span style=\"color: #ff0000;\">l&#8217;Europe sous la domination nazie<\/span>, voici quelques<span style=\"color: #ff0000;\">\u00a0films de cin\u00e9ma<\/span> en lien avec les camps et le g\u00e9nocide.<\/p>\n<p>Tir\u00e9 du livre de Martin Gray, survivant de l&#8217;Holocauste, le film <span style=\"color: #ff0000;\">Au nom de tous les miens<\/span> de Robert Enrico en 1983. Voici le d\u00e9but du film (le reste sur Dailymotion) :<\/p>\n<p><iframe loading=\"lazy\" src=\"http:\/\/www.dailymotion.com\/embed\/video\/x8vxad\" frameborder=\"0\" width=\"480\" height=\"276\"><\/iframe><br \/>\n<a href=\"http:\/\/www.dailymotion.com\/video\/x8vxad_au-nom-1_shortfilms\" target=\"_blank\">Au nom&#8230; 1<\/a> <em>par <a href=\"http:\/\/www.dailymotion.com\/Joonatan2003\" target=\"_blank\">Joonatan2003<\/a><\/em><\/p>\n<p>Un t\u00e9l\u00e9film am\u00e9ricain en 4 parties des ann\u00e9es 1970 sur le g\u00e9nocide juif intitul\u00e9 <span style=\"color: #ff0000;\">Holocauste. <span style=\"color: #000000;\">Voici le d\u00e9but de la premi\u00e8re partie (le reste sur wat.tv)<\/span><\/span><\/p>\n<div><object id=\"wat_1007992\" width=\"480\" height=\"270\" classid=\"clsid:d27cdb6e-ae6d-11cf-96b8-444553540000\" codebase=\"http:\/\/download.macromedia.com\/pub\/shockwave\/cabs\/flash\/swflash.cab#version=6,0,40,0\"><param name=\"allowFullScreen\" value=\"true\" \/><param name=\"allowScriptAccess\" value=\"always\" \/><param name=\"src\" value=\"http:\/\/www.wat.tv\/swf2\/230872nIc0K111007992\" \/><param name=\"allowscriptaccess\" value=\"always\" \/><param name=\"allowfullscreen\" value=\"true\" \/><embed id=\"wat_1007992\" width=\"480\" height=\"270\" type=\"application\/x-shockwave-flash\" src=\"http:\/\/www.wat.tv\/swf2\/230872nIc0K111007992\" allowFullScreen=\"true\" allowScriptAccess=\"always\" allowscriptaccess=\"always\" allowfullscreen=\"true\" \/><\/object><\/div>\n<div class=\"watlinks\" style=\"width: 480px; font-size: 11px; background: #CCCCCC; padding: 2px 0 4px 0; text-align: center;\"><a class=\"waturl\" title=\"Vid\u00e9o HOLOC1-1 sur wat.tv\" href=\"http:\/\/www.wat.tv\/video\/holoc1-llrs_2gg4h_.html\" target=\"_blank\"><strong>HOLOC1-1<\/strong><\/a> Vid\u00e9o <a class=\"waturl altuser\" title=\"Retrouvez toutes les vid\u00e9os buyspeedoo sur wat.tv\" href=\"http:\/\/www.wat.tv\/buyspeedoo\">buyspeedoo<\/a> s\u00e9lectionn\u00e9e dans <a class=\"waturl alttheme\" title=\"Toutes les vid\u00e9os Cin\u00e9ma sont sur wat.tv\" href=\"http:\/\/www.wat.tv\/guide\/cinema\">Cin\u00e9ma<\/a><\/div>\n<p>&nbsp;<\/p>\n<p><span style=\"color: #ff0000;\">Le pianiste<\/span>, film de\u00a0de Roman Polanski avec Adrien Brody.\u00a0La bande-annonce<\/p>\n<p><iframe loading=\"lazy\" src=\"http:\/\/www.youtube.com\/embed\/sOyonnXMUr4\" frameborder=\"0\" width=\"420\" height=\"315\"><\/iframe><\/p>\n<p><span style=\"color: #ff0000;\">La liste de Schindler<\/span>, film de Steven Spielberg. Extrait :<\/p>\n<p><iframe loading=\"lazy\" src=\"http:\/\/www.dailymotion.com\/embed\/video\/x4eqtw\" frameborder=\"0\" width=\"480\" height=\"300\"><\/iframe><br \/>\n<a href=\"http:\/\/www.dailymotion.com\/video\/x4eqtw_extrait-la-liste-de-schindler_news\" target=\"_blank\">Extrait la liste de schindler<\/a> <em>par <a href=\"http:\/\/www.dailymotion.com\/piano21\" target=\"_blank\">piano21<\/a><\/em><\/p>\n<p><span style=\"color: #ff0000;\">La vie est belle<\/span> de Roberto Begnini. Il raconte d&#8217;une mani\u00e8re un peu surprenante la d\u00e9portation d&#8217;une famille juive italienne. Extrait :<\/p>\n<p><iframe loading=\"lazy\" src=\"http:\/\/www.dailymotion.com\/embed\/video\/x7uavj\" frameborder=\"0\" width=\"480\" height=\"360\"><\/iframe><br \/>\n<a href=\"http:\/\/www.dailymotion.com\/video\/x7uavj_la-vie-est-belle_shortfilms\" target=\"_blank\">La vie est belle<\/a> <em>par <a href=\"http:\/\/www.dailymotion.com\/filoute76200\" target=\"_blank\">filoute76200<\/a><\/em><\/p>\n<p>Views: 41<\/p>","protected":false},"excerpt":{"rendered":"<p>Toujours pour compl\u00e9ter la le\u00e7on sur\u00a0l&#8217;Europe sous la domination nazie, voici quelques\u00a0films de cin\u00e9ma en lien avec les camps et le g\u00e9nocide. Tir\u00e9 du livre de Martin Gray, survivant de l&#8217;Holocauste, le film Au nom de tous les miens de &hellip; <a href=\"https:\/\/histoirencours.fr\/blog\/?p=986\">Continuer la lecture <span class=\"meta-nav\">&rarr;<\/span><\/a><\/p>\n","protected":false},"author":1,"featured_media":0,"comment_status":"open","ping_status":"open","sticky":false,"template":"","format":"standard","meta":{"_monsterinsights_skip_tracking":false,"_monsterinsights_sitenote_active":false,"_monsterinsights_sitenote_note":"","_monsterinsights_sitenote_category":0,"ngg_post_thumbnail":0,"footnotes":""},"categories":[21,3],"tags":[35,144,72,145,432,85],"class_list":["post-986","post","type-post","status-publish","format-standard","hentry","category-histoire-troisieme","category-troisieme","tag-3eme","tag-camps","tag-films","tag-genocide","tag-histoire","tag-seconde-guerre-mondiale"],"aioseo_notices":[],"amp_enabled":true,"_links":{"self":[{"href":"https:\/\/histoirencours.fr\/blog\/index.php?rest_route=\/wp\/v2\/posts\/986","targetHints":{"allow":["GET"]}}],"collection":[{"href":"https:\/\/histoirencours.fr\/blog\/index.php?rest_route=\/wp\/v2\/posts"}],"about":[{"href":"https:\/\/histoirencours.fr\/blog\/index.php?rest_route=\/wp\/v2\/types\/post"}],"author":[{"embeddable":true,"href":"https:\/\/histoirencours.fr\/blog\/index.php?rest_route=\/wp\/v2\/users\/1"}],"replies":[{"embeddable":true,"href":"https:\/\/histoirencours.fr\/blog\/index.php?rest_route=%2Fwp%2Fv2%2Fcomments&post=986"}],"version-history":[{"count":3,"href":"https:\/\/histoirencours.fr\/blog\/index.php?rest_route=\/wp\/v2\/posts\/986\/revisions"}],"predecessor-version":[{"id":988,"href":"https:\/\/histoirencours.fr\/blog\/index.php?rest_route=\/wp\/v2\/posts\/986\/revisions\/988"}],"wp:attachment":[{"href":"https:\/\/histoirencours.fr\/blog\/index.php?rest_route=%2Fwp%2Fv2%2Fmedia&parent=986"}],"wp:term":[{"taxonomy":"category","embeddable":true,"href":"https:\/\/histoirencours.fr\/blog\/index.php?rest_route=%2Fwp%2Fv2%2Fcategories&post=986"},{"taxonomy":"post_tag","embeddable":true,"href":"https:\/\/histoirencours.fr\/blog\/index.php?rest_route=%2Fwp%2Fv2%2Ftags&post=986"}],"curies":[{"name":"wp","href":"https:\/\/api.w.org\/{rel}","templated":true}]}}